{"id":5802,"date":"2023-05-18T08:22:39","date_gmt":"2023-05-18T06:22:39","guid":{"rendered":"https:\/\/agora.xtec.cat\/iescalgravat\/?p=5802"},"modified":"2023-05-19T12:40:06","modified_gmt":"2023-05-19T10:40:06","slug":"sortida-al-castell-de-montjuic","status":"publish","type":"post","link":"https:\/\/agora.xtec.cat\/iescalgravat\/general\/sortida-al-castell-de-montjuic\/","title":{"rendered":"SORTIDA AL CASTELL DE MONTJU\u00cfC"},"content":{"rendered":"<p style=\"text-align: left;\">L&#8217;alumnat de 3r d\u2019ESO han fet una sortida al <strong>Castell de Montju\u00efc<\/strong> per con\u00e8ixer la seva hist\u00f2ria i el seu entorn a trav\u00e9s d\u2019una visita gamificada i una cursa d\u2019orientaci\u00f3.<\/p>\n<table class=\" aligncenter\" style=\"border-collapse: collapse; width: 40.5366%;\">\n<tbody>\n<tr>\n<td style=\"width: 100%; border-color: #000000; background-color: #e5b4f0;\"><a href=\"https:\/\/agora.xtec.cat\/iescalgravat\/wp-content\/uploads\/usu63\/2023\/05\/1e9cd6f8-d120-41b8-ac80-7a9f61fa4084-SILVIA-CARETA-BURDO.jpeg\"><img loading=\"lazy\" decoding=\"async\" class=\"aligncenter size-medium wp-image-5804\" src=\"https:\/\/agora.xtec.cat\/iescalgravat\/wp-content\/uploads\/usu63\/2023\/05\/1e9cd6f8-d120-41b8-ac80-7a9f61fa4084-SILVIA-CARETA-BURDO-300x225.jpeg\" alt=\"\" width=\"300\" height=\"225\" srcset=\"https:\/\/agora.xtec.cat\/iescalgravat\/wp-content\/uploads\/usu63\/2023\/05\/1e9cd6f8-d120-41b8-ac80-7a9f61fa4084-SILVIA-CARETA-BURDO-300x225.jpeg 300w, https:\/\/agora.xtec.cat\/iescalgravat\/wp-content\/uploads\/usu63\/2023\/05\/1e9cd6f8-d120-41b8-ac80-7a9f61fa4084-SILVIA-CARETA-BURDO-768x576.jpeg 768w, https:\/\/agora.xtec.cat\/iescalgravat\/wp-content\/uploads\/usu63\/2023\/05\/1e9cd6f8-d120-41b8-ac80-7a9f61fa4084-SILVIA-CARETA-BURDO-200x150.jpeg 200w, https:\/\/agora.xtec.cat\/iescalgravat\/wp-content\/uploads\/usu63\/2023\/05\/1e9cd6f8-d120-41b8-ac80-7a9f61fa4084-SILVIA-CARETA-BURDO.jpeg 1024w\" sizes=\"auto, (max-width: 300px) 100vw, 300px\" \/><\/a><\/td>\n<\/tr>\n<\/tbody>\n<\/table>\n","protected":false},"excerpt":{"rendered":"<p>L&#8217;alumnat de 3r d\u2019ESO han fet una sortida al Castell de Montju\u00efc per con\u00e8ixer la seva hist\u00f2ria i el seu entorn a trav\u00e9s d\u2019una visita gamificada i una cursa d\u2019orientaci\u00f3.<\/p>\n<p><a href=\"https:\/\/agora.xtec.cat\/iescalgravat\/wp-content\/uploads\/usu63\/2023\/05\/1e9cd6f8-d120-41b8-ac80-7a9f61fa4084-SILVIA-CARETA-BURDO.jpeg\"><\/a><\/p>\n","protected":false},"author":1,"featured_media":0,"comment_status":"open","ping_status":"closed","sticky":false,"template":"","format":"standard","meta":{"_bbp_topic_count":0,"_bbp_reply_count":0,"_bbp_total_topic_count":0,"_bbp_total_reply_count":0,"_bbp_voice_count":0,"_bbp_anonymous_reply_count":0,"_bbp_topic_count_hidden":0,"_bbp_reply_count_hidden":0,"_bbp_forum_subforum_count":0,"footnotes":""},"categories":[6,1,29],"tags":[],"class_list":["post-5802","post","type-post","status-publish","format-standard","hentry","category-eso-3","category-general","category-portada"],"post_mailing_queue_ids":[],"_links":{"self":[{"href":"https:\/\/agora.xtec.cat\/iescalgravat\/wp-json\/wp\/v2\/posts\/5802","targetHints":{"allow":["GET"]}}],"collection":[{"href":"https:\/\/agora.xtec.cat\/iescalgravat\/wp-json\/wp\/v2\/posts"}],"about":[{"href":"https:\/\/agora.xtec.cat\/iescalgravat\/wp-json\/wp\/v2\/types\/post"}],"author":[{"embeddable":true,"href":"https:\/\/agora.xtec.cat\/iescalgravat\/wp-json\/wp\/v2\/users\/1"}],"replies":[{"embeddable":true,"href":"https:\/\/agora.xtec.cat\/iescalgravat\/wp-json\/wp\/v2\/comments?post=5802"}],"version-history":[{"count":2,"href":"https:\/\/agora.xtec.cat\/iescalgravat\/wp-json\/wp\/v2\/posts\/5802\/revisions"}],"predecessor-version":[{"id":5809,"href":"https:\/\/agora.xtec.cat\/iescalgravat\/wp-json\/wp\/v2\/posts\/5802\/revisions\/5809"}],"wp:attachment":[{"href":"https:\/\/agora.xtec.cat\/iescalgravat\/wp-json\/wp\/v2\/media?parent=5802"}],"wp:term":[{"taxonomy":"category","embeddable":true,"href":"https:\/\/agora.xtec.cat\/iescalgravat\/wp-json\/wp\/v2\/categories?post=5802"},{"taxonomy":"post_tag","embeddable":true,"href":"https:\/\/agora.xtec.cat\/iescalgravat\/wp-json\/wp\/v2\/tags?post=5802"}],"curies":[{"name":"wp","href":"https:\/\/api.w.org\/{rel}","templated":true}]}}