{"id":5715,"date":"2023-04-14T11:09:11","date_gmt":"2023-04-14T09:09:11","guid":{"rendered":"https:\/\/agora.xtec.cat\/iescalgravat\/?p=5715"},"modified":"2023-04-18T16:10:31","modified_gmt":"2023-04-18T14:10:31","slug":"presentacio-llibre-grup-13-amistat-vocacio-i-tradicio","status":"publish","type":"post","link":"https:\/\/agora.xtec.cat\/iescalgravat\/general\/presentacio-llibre-grup-13-amistat-vocacio-i-tradicio\/","title":{"rendered":"PRESENTACI\u00d3 LLIBRE &#8220;GRUP 13, AMISTAT, VOCACI\u00d3 I TRADICI\u00d3&#8221;"},"content":{"rendered":"<p>El passat 13 d&#8217;abril, a casa Lluvi\u00e0, els exalumnes de GREHVAT.0 i l&#8217;Ovidi Cobacho, amb la pres\u00e8ncia del doctor Francesc Fontbona van presentar el seu llibre &#8220;Grup 13, amistat, vocaci\u00f3 i tradici\u00f3&#8221;. Una presentaci\u00f3 ben participada de p\u00fablic amb membres i familiars del grup 13, col.lectiu art\u00edstic Manres\u00e0, objecte d&#8217;estudi del llibre.\u00a0 \u00a0 \u00a0 \u00a0 \u00a0 \u00a0 \u00a0 <a href=\"https:\/\/agora.xtec.cat\/iescalgravat\/wp-content\/uploads\/usu63\/2023\/04\/IMG-20230414-WA0000.jpg\"><img loading=\"lazy\" decoding=\"async\" class=\"size-medium wp-image-5716 alignright\" src=\"https:\/\/agora.xtec.cat\/iescalgravat\/wp-content\/uploads\/usu63\/2023\/04\/IMG-20230414-WA0000-300x300.jpg\" alt=\"\" width=\"300\" height=\"300\" srcset=\"https:\/\/agora.xtec.cat\/iescalgravat\/wp-content\/uploads\/usu63\/2023\/04\/IMG-20230414-WA0000-300x300.jpg 300w, https:\/\/agora.xtec.cat\/iescalgravat\/wp-content\/uploads\/usu63\/2023\/04\/IMG-20230414-WA0000-1024x1024.jpg 1024w, https:\/\/agora.xtec.cat\/iescalgravat\/wp-content\/uploads\/usu63\/2023\/04\/IMG-20230414-WA0000-150x150.jpg 150w, https:\/\/agora.xtec.cat\/iescalgravat\/wp-content\/uploads\/usu63\/2023\/04\/IMG-20230414-WA0000-768x768.jpg 768w, https:\/\/agora.xtec.cat\/iescalgravat\/wp-content\/uploads\/usu63\/2023\/04\/IMG-20230414-WA0000.jpg 1500w\" sizes=\"auto, (max-width: 300px) 100vw, 300px\" \/><\/a><\/p>\n<p><a href=\"https:\/\/agora.xtec.cat\/iescalgravat\/wp-content\/uploads\/usu63\/2023\/04\/IMG-20230413-WA0023.jpg\"><img loading=\"lazy\" decoding=\"async\" class=\"size-medium wp-image-5718 alignleft\" src=\"https:\/\/agora.xtec.cat\/iescalgravat\/wp-content\/uploads\/usu63\/2023\/04\/IMG-20230413-WA0023-300x300.jpg\" alt=\"\" width=\"300\" height=\"300\" srcset=\"https:\/\/agora.xtec.cat\/iescalgravat\/wp-content\/uploads\/usu63\/2023\/04\/IMG-20230413-WA0023-300x300.jpg 300w, https:\/\/agora.xtec.cat\/iescalgravat\/wp-content\/uploads\/usu63\/2023\/04\/IMG-20230413-WA0023-1024x1024.jpg 1024w, https:\/\/agora.xtec.cat\/iescalgravat\/wp-content\/uploads\/usu63\/2023\/04\/IMG-20230413-WA0023-150x150.jpg 150w, https:\/\/agora.xtec.cat\/iescalgravat\/wp-content\/uploads\/usu63\/2023\/04\/IMG-20230413-WA0023-768x768.jpg 768w, https:\/\/agora.xtec.cat\/iescalgravat\/wp-content\/uploads\/usu63\/2023\/04\/IMG-20230413-WA0023.jpg 1500w\" sizes=\"auto, (max-width: 300px) 100vw, 300px\" \/><\/a><\/p>\n","protected":false},"excerpt":{"rendered":"<p>El passat 13 d&#8217;abril, a casa Lluvi\u00e0, els exalumnes de GREHVAT.0 i l&#8217;Ovidi Cobacho, amb la pres\u00e8ncia del doctor Francesc Fontbona van presentar el seu llibre &#8220;Grup 13, amistat, vocaci\u00f3 i tradici\u00f3&#8221;. Una presentaci\u00f3 ben participada de p\u00fablic amb membres i familiars del grup 13,&hellip;  <a href=\"https:\/\/agora.xtec.cat\/iescalgravat\/general\/presentacio-llibre-grup-13-amistat-vocacio-i-tradicio\/\" title=\"Read PRESENTACI\u00d3 LLIBRE &#8220;GRUP 13, AMISTAT, VOCACI\u00d3 I TRADICI\u00d3&#8221;\">Llegeix m\u00e9s\u00bb<\/a><\/p>\n","protected":false},"author":1,"featured_media":0,"comment_status":"closed","ping_status":"closed","sticky":false,"template":"","format":"standard","meta":{"_bbp_topic_count":0,"_bbp_reply_count":0,"_bbp_total_topic_count":0,"_bbp_total_reply_count":0,"_bbp_voice_count":0,"_bbp_anonymous_reply_count":0,"_bbp_topic_count_hidden":0,"_bbp_reply_count_hidden":0,"_bbp_forum_subforum_count":0,"footnotes":""},"categories":[8,1,29],"tags":[],"class_list":["post-5715","post","type-post","status-publish","format-standard","hentry","category-batxillerat","category-general","category-portada"],"post_mailing_queue_ids":[],"_links":{"self":[{"href":"https:\/\/agora.xtec.cat\/iescalgravat\/wp-json\/wp\/v2\/posts\/5715","targetHints":{"allow":["GET"]}}],"collection":[{"href":"https:\/\/agora.xtec.cat\/iescalgravat\/wp-json\/wp\/v2\/posts"}],"about":[{"href":"https:\/\/agora.xtec.cat\/iescalgravat\/wp-json\/wp\/v2\/types\/post"}],"author":[{"embeddable":true,"href":"https:\/\/agora.xtec.cat\/iescalgravat\/wp-json\/wp\/v2\/users\/1"}],"replies":[{"embeddable":true,"href":"https:\/\/agora.xtec.cat\/iescalgravat\/wp-json\/wp\/v2\/comments?post=5715"}],"version-history":[{"count":4,"href":"https:\/\/agora.xtec.cat\/iescalgravat\/wp-json\/wp\/v2\/posts\/5715\/revisions"}],"predecessor-version":[{"id":5722,"href":"https:\/\/agora.xtec.cat\/iescalgravat\/wp-json\/wp\/v2\/posts\/5715\/revisions\/5722"}],"wp:attachment":[{"href":"https:\/\/agora.xtec.cat\/iescalgravat\/wp-json\/wp\/v2\/media?parent=5715"}],"wp:term":[{"taxonomy":"category","embeddable":true,"href":"https:\/\/agora.xtec.cat\/iescalgravat\/wp-json\/wp\/v2\/categories?post=5715"},{"taxonomy":"post_tag","embeddable":true,"href":"https:\/\/agora.xtec.cat\/iescalgravat\/wp-json\/wp\/v2\/tags?post=5715"}],"curies":[{"name":"wp","href":"https:\/\/api.w.org\/{rel}","templated":true}]}}