{"id":5661,"date":"2023-03-30T20:17:17","date_gmt":"2023-03-30T18:17:17","guid":{"rendered":"https:\/\/agora.xtec.cat\/iescalgravat\/?p=5661"},"modified":"2023-04-19T17:46:13","modified_gmt":"2023-04-19T15:46:13","slug":"beques-estudis-post-obligatoris","status":"publish","type":"post","link":"https:\/\/agora.xtec.cat\/iescalgravat\/general\/beques-estudis-post-obligatoris\/","title":{"rendered":"BEQUES ESTUDIS POST-OBLIGATORIS"},"content":{"rendered":"<p>S&#8217;han convocat les <em><strong>beques<\/strong><\/em> per a estudiants que el curs acad\u00e8mic 2023-24 per l&#8217;alumnat que cursa o cursar\u00e0 ensenyaments postobligatoris i superiors no universitaris:<a href=\"https:\/\/agora.xtec.cat\/iescalgravat\/wp-content\/uploads\/usu63\/2020\/08\/beques.jpg\"><img loading=\"lazy\" decoding=\"async\" class=\"size-medium wp-image-3619 alignright\" src=\"https:\/\/agora.xtec.cat\/iescalgravat\/wp-content\/uploads\/usu63\/2020\/08\/beques-300x210.jpg\" alt=\"\" width=\"300\" height=\"210\" srcset=\"https:\/\/agora.xtec.cat\/iescalgravat\/wp-content\/uploads\/usu63\/2020\/08\/beques-300x210.jpg 300w, https:\/\/agora.xtec.cat\/iescalgravat\/wp-content\/uploads\/usu63\/2020\/08\/beques.jpg 500w\" sizes=\"auto, (max-width: 300px) 100vw, 300px\" \/><\/a><\/p>\n<ul>\n<li>Batxillerat<\/li>\n<li>Formaci\u00f3 professional de grau mitj\u00e0 i de grau superior<\/li>\n<li>Ensenyaments art\u00edstics professionals, esportius o art\u00edstics superiors<\/li>\n<li>Estudis religiosos superiors<\/li>\n<li>Estudis d&#8217;idiomes en escoles oficials (inclosa la modalitat de dist\u00e0ncia)<\/li>\n<li>Cursos d&#8217;acc\u00e9s i cursos de preparaci\u00f3 per a les proves d&#8217;acc\u00e9s a la formaci\u00f3 professional i cursos de formaci\u00f3 espec\u00edfics per a l&#8217;acc\u00e9s als cicles de grau mitj\u00e0 i de grau superior en centres p\u00fablics i en privats concertats sempre que tinguin autoritzats estudis de formaci\u00f3 professional<\/li>\n<li>Cicles formatius de grau b\u00e0sic<\/li>\n<\/ul>\n<p>(IMPORTANT: Encara que no s\u00e0pigues qu\u00e8 voldr\u00e0s estudiar el curs vinent o b\u00e9 tens dubtes de si estudiar\u00e0s o no, cal que presentis la sol\u00b7licitud de beca dins del termini.<\/p>\n<p>El termini de presentaci\u00f3 \u00e9s del\u00a0<em><strong>27 de mar\u00e7 al 17 de maig de 2023,<\/strong><\/em> ambd\u00f3s inclosos.<\/p>\n<p>Us adjuntem el <a href=\"https:\/\/educacio.gencat.cat\/ca\/tramits\/tramits-temes\/247-beques-ministerio-postobligatoris\"><strong>link<\/strong> <\/a>amb la informaci\u00f3 de les beques d&#8217;estudis postobligatoris convocades pel Ministeri.<\/p>\n<p>La presentaci\u00f3 es realitza via telem\u00e0tica.<\/p>\n","protected":false},"excerpt":{"rendered":"<p>S&#8217;han convocat les beques per a estudiants que el curs acad\u00e8mic 2023-24 per l&#8217;alumnat que cursa o cursar\u00e0 ensenyaments postobligatoris i superiors no universitaris:<a href=\"https:\/\/agora.xtec.cat\/iescalgravat\/wp-content\/uploads\/usu63\/2020\/08\/beques.jpg\"><\/a><\/p>\n<ul>\n<li>Batxillerat<\/li>\n<li>Formaci\u00f3 professional de grau mitj\u00e0 i de grau superior<\/li>\n<li>Ensenyaments art\u00edstics professionals, esportius o art\u00edstics superiors<\/li>\n<li>Estudis religiosos superiors<\/li>\n<li>Estudis d&#8217;idiomes en escoles oficials&hellip;  <a href=\"https:\/\/agora.xtec.cat\/iescalgravat\/general\/beques-estudis-post-obligatoris\/\" title=\"Read BEQUES ESTUDIS POST-OBLIGATORIS\">Llegeix m\u00e9s\u00bb<\/a><br \/>\n","protected":false},"author":1,"featured_media":3619,"comment_status":"open","ping_status":"closed","sticky":false,"template":"","format":"standard","meta":{"_bbp_topic_count":0,"_bbp_reply_count":0,"_bbp_total_topic_count":0,"_bbp_total_reply_count":0,"_bbp_voice_count":0,"_bbp_anonymous_reply_count":0,"_bbp_topic_count_hidden":0,"_bbp_reply_count_hidden":0,"_bbp_forum_subforum_count":0,"footnotes":""},"categories":[8,3,7,1,29],"tags":[],"class_list":["post-5661","post","type-post","status-publish","format-standard","has-post-thumbnail","hentry","category-batxillerat","category-eso","category-eso-4","category-general","category-portada"],"post_mailing_queue_ids":[],"_links":{"self":[{"href":"https:\/\/agora.xtec.cat\/iescalgravat\/wp-json\/wp\/v2\/posts\/5661","targetHints":{"allow":["GET"]}}],"collection":[{"href":"https:\/\/agora.xtec.cat\/iescalgravat\/wp-json\/wp\/v2\/posts"}],"about":[{"href":"https:\/\/agora.xtec.cat\/iescalgravat\/wp-json\/wp\/v2\/types\/post"}],"author":[{"embeddable":true,"href":"https:\/\/agora.xtec.cat\/iescalgravat\/wp-json\/wp\/v2\/users\/1"}],"replies":[{"embeddable":true,"href":"https:\/\/agora.xtec.cat\/iescalgravat\/wp-json\/wp\/v2\/comments?post=5661"}],"version-history":[{"count":3,"href":"https:\/\/agora.xtec.cat\/iescalgravat\/wp-json\/wp\/v2\/posts\/5661\/revisions"}],"predecessor-version":[{"id":5664,"href":"https:\/\/agora.xtec.cat\/iescalgravat\/wp-json\/wp\/v2\/posts\/5661\/revisions\/5664"}],"wp:featuredmedia":[{"embeddable":true,"href":"https:\/\/agora.xtec.cat\/iescalgravat\/wp-json\/wp\/v2\/media\/3619"}],"wp:attachment":[{"href":"https:\/\/agora.xtec.cat\/iescalgravat\/wp-json\/wp\/v2\/media?parent=5661"}],"wp:term":[{"taxonomy":"category","embeddable":true,"href":"https:\/\/agora.xtec.cat\/iescalgravat\/wp-json\/wp\/v2\/categories?post=5661"},{"taxonomy":"post_tag","embeddable":true,"href":"https:\/\/agora.xtec.cat\/iescalgravat\/wp-json\/wp\/v2\/tags?post=5661"}],"curies":[{"name":"wp","href":"https:\/\/api.w.org\/{rel}","templated":true}]}}