{"id":555,"date":"2016-12-14T00:35:46","date_gmt":"2016-12-13T23:35:46","guid":{"rendered":"http:\/\/agora.xtec.cat\/iescalgravat\/?p=555"},"modified":"2017-01-16T19:16:32","modified_gmt":"2017-01-16T18:16:32","slug":"el-merli-i-cal-gravat","status":"publish","type":"post","link":"https:\/\/agora.xtec.cat\/iescalgravat\/general\/el-merli-i-cal-gravat\/","title":{"rendered":"El Merl\u00ed i Cal Gravat"},"content":{"rendered":"<p>El proper <strong>dilluns 19 de desembre, a partir de les 22:35<\/strong>, ser\u00e0 \u201cLa nit de Merl\u00ed\u201d a TV3. Dins d\u2019aquest programa s\u2019emetr\u00e0 el documental \u201cGeneraci\u00f3 Merl\u00ed\u201d, on hi podreu veure els fragments de les entrevistes que vam gravar amb nosaltres.<\/p>\n<p>Aqu\u00ed hi trobareu m\u00e9s informaci\u00f3:<\/p>\n<p><a href=\"http:\/\/www.ccma.cat\/tv3\/merli\/la-nit-de-merli-tanca-la-segona-temporada-de-la-serie\/noticia\/2763062\/\" data-saferedirecturl=\"https:\/\/www.google.com\/url?hl=ca&amp;q=http:\/\/www.ccma.cat\/tv3\/merli\/la-nit-de-merli-tanca-la-segona-temporada-de-la-serie\/noticia\/2763062\/&amp;source=gmail&amp;ust=1481757319035000&amp;usg=AFQjCNHyd2XbFEIK-LrO1kGw46iDO8ijxA\">http:\/\/www.ccma.cat\/tv3\/merli\/la-nit-de-merli-tanca-la-segona-temporada-de-la-serie\/noticia\/2763062\/<\/a><\/p>\n","protected":false},"excerpt":{"rendered":"<p>El proper dilluns 19 de desembre, a partir de les 22:35, ser\u00e0 \u201cLa nit de Merl\u00ed\u201d a TV3. Dins d\u2019aquest programa s\u2019emetr\u00e0 el documental \u201cGeneraci\u00f3 Merl\u00ed\u201d, on hi podreu veure els fragments de les entrevistes que vam gravar amb nosaltres.<br \/>\nAqu\u00ed hi trobareu m\u00e9s informaci\u00f3:<br \/>\n<a href=\"http:\/\/www.ccma.cat\/tv3\/merli\/la-nit-de-merli-tanca-la-segona-temporada-de-la-serie\/noticia\/2763062\/\"&hellip;  <a href=\"https:\/\/agora.xtec.cat\/iescalgravat\/general\/el-merli-i-cal-gravat\/\" title=\"Read El Merl\u00ed i Cal Gravat\">Llegeix m\u00e9s\u00bb<\/a><\/p>\n","protected":false},"author":1,"featured_media":567,"comment_status":"open","ping_status":"open","sticky":false,"template":"","format":"standard","meta":{"_bbp_topic_count":0,"_bbp_reply_count":0,"_bbp_total_topic_count":0,"_bbp_total_reply_count":0,"_bbp_voice_count":0,"_bbp_anonymous_reply_count":0,"_bbp_topic_count_hidden":0,"_bbp_reply_count_hidden":0,"_bbp_forum_subforum_count":0,"footnotes":""},"categories":[1],"tags":[],"class_list":["post-555","post","type-post","status-publish","format-standard","has-post-thumbnail","hentry","category-general"],"post_mailing_queue_ids":[],"_links":{"self":[{"href":"https:\/\/agora.xtec.cat\/iescalgravat\/wp-json\/wp\/v2\/posts\/555","targetHints":{"allow":["GET"]}}],"collection":[{"href":"https:\/\/agora.xtec.cat\/iescalgravat\/wp-json\/wp\/v2\/posts"}],"about":[{"href":"https:\/\/agora.xtec.cat\/iescalgravat\/wp-json\/wp\/v2\/types\/post"}],"author":[{"embeddable":true,"href":"https:\/\/agora.xtec.cat\/iescalgravat\/wp-json\/wp\/v2\/users\/1"}],"replies":[{"embeddable":true,"href":"https:\/\/agora.xtec.cat\/iescalgravat\/wp-json\/wp\/v2\/comments?post=555"}],"version-history":[{"count":2,"href":"https:\/\/agora.xtec.cat\/iescalgravat\/wp-json\/wp\/v2\/posts\/555\/revisions"}],"predecessor-version":[{"id":559,"href":"https:\/\/agora.xtec.cat\/iescalgravat\/wp-json\/wp\/v2\/posts\/555\/revisions\/559"}],"wp:featuredmedia":[{"embeddable":true,"href":"https:\/\/agora.xtec.cat\/iescalgravat\/wp-json\/wp\/v2\/media\/567"}],"wp:attachment":[{"href":"https:\/\/agora.xtec.cat\/iescalgravat\/wp-json\/wp\/v2\/media?parent=555"}],"wp:term":[{"taxonomy":"category","embeddable":true,"href":"https:\/\/agora.xtec.cat\/iescalgravat\/wp-json\/wp\/v2\/categories?post=555"},{"taxonomy":"post_tag","embeddable":true,"href":"https:\/\/agora.xtec.cat\/iescalgravat\/wp-json\/wp\/v2\/tags?post=555"}],"curies":[{"name":"wp","href":"https:\/\/api.w.org\/{rel}","templated":true}]}}