{"id":5485,"date":"2023-03-13T17:00:16","date_gmt":"2023-03-13T16:00:16","guid":{"rendered":"https:\/\/agora.xtec.cat\/iescalgravat\/?p=5485"},"modified":"2023-03-14T08:26:29","modified_gmt":"2023-03-14T07:26:29","slug":"jornada-portes-obertes-2023","status":"publish","type":"post","link":"https:\/\/agora.xtec.cat\/iescalgravat\/general\/jornada-portes-obertes-2023\/","title":{"rendered":"JORNADA PORTES OBERTES BATXILLERAT 2023"},"content":{"rendered":"<p style=\"text-align: justify;\">El dimecres <strong>12 d&#8217;abril a les 6<\/strong> de la tarda es dur\u00e0 a terme la Jornada de Portes Obertes dels estudis de BATXILLERAT de forma presencial a l\u2019Institut Cal Gravat de Manresa.<\/p>\n<p style=\"text-align: justify;\">La visita tindr\u00e0 una durada d&#8217;1 hora aproximadament i constar\u00e0 de:<a href=\"https:\/\/agora.xtec.cat\/iescalgravat\/wp-content\/uploads\/usu63\/2023\/03\/frame.png\"><img loading=\"lazy\" decoding=\"async\" class=\" wp-image-5491 alignright\" src=\"https:\/\/agora.xtec.cat\/iescalgravat\/wp-content\/uploads\/usu63\/2023\/03\/frame-300x300.png\" alt=\"\" width=\"223\" height=\"223\" srcset=\"https:\/\/agora.xtec.cat\/iescalgravat\/wp-content\/uploads\/usu63\/2023\/03\/frame.png 300w, https:\/\/agora.xtec.cat\/iescalgravat\/wp-content\/uploads\/usu63\/2023\/03\/frame-150x150.png 150w\" sizes=\"auto, (max-width: 223px) 100vw, 223px\" \/><\/a><\/p>\n<p style=\"text-align: justify;\">\u2013 <em><strong>Rebuda i xerrada conjunta<\/strong><\/em> per a les fam\u00edlies amb intervencions de direcci\u00f3, coordinaci\u00f3 de Batxillerat i de l\u2019AMPA. (30\u2032)<\/p>\n<p style=\"text-align: justify;\">\u2013 <em><strong>Visita guiada<\/strong><\/em> pel centre\u00a0 (30\u2032)<\/p>\n<p style=\"text-align: justify;\">Per tal de poder organitzar us preguem respongueu al <a href=\"https:\/\/forms.gle\/BjFCTTy6VgQ7MCjs8\" target=\"_blank\" rel=\"noopener\"><strong>formulari<\/strong><\/a><\/p>\n","protected":false},"excerpt":{"rendered":"<p>El dimecres 12 d&#8217;abril a les 6 de la tarda es dur\u00e0 a terme la Jornada de Portes Obertes dels estudis de BATXILLERAT de forma presencial a l\u2019Institut Cal Gravat de Manresa.<br \/>\nLa visita tindr\u00e0 una durada d&#8217;1 hora aproximadament i constar\u00e0 de:<a href=\"https:\/\/agora.xtec.cat\/iescalgravat\/wp-content\/uploads\/usu63\/2023\/03\/frame.png\"><\/a><br \/>\n\u2013 Rebuda i&hellip;  <a href=\"https:\/\/agora.xtec.cat\/iescalgravat\/general\/jornada-portes-obertes-2023\/\" title=\"Read JORNADA PORTES OBERTES BATXILLERAT 2023\">Llegeix m\u00e9s\u00bb<\/a><\/p>\n","protected":false},"author":1,"featured_media":5491,"comment_status":"open","ping_status":"closed","sticky":false,"template":"","format":"standard","meta":{"_bbp_topic_count":0,"_bbp_reply_count":0,"_bbp_total_topic_count":0,"_bbp_total_reply_count":0,"_bbp_voice_count":0,"_bbp_anonymous_reply_count":0,"_bbp_topic_count_hidden":0,"_bbp_reply_count_hidden":0,"_bbp_forum_subforum_count":0,"footnotes":""},"categories":[31,8,1,29],"tags":[],"class_list":["post-5485","post","type-post","status-publish","format-standard","has-post-thumbnail","hentry","category-ampa","category-batxillerat","category-general","category-portada"],"post_mailing_queue_ids":[],"_links":{"self":[{"href":"https:\/\/agora.xtec.cat\/iescalgravat\/wp-json\/wp\/v2\/posts\/5485","targetHints":{"allow":["GET"]}}],"collection":[{"href":"https:\/\/agora.xtec.cat\/iescalgravat\/wp-json\/wp\/v2\/posts"}],"about":[{"href":"https:\/\/agora.xtec.cat\/iescalgravat\/wp-json\/wp\/v2\/types\/post"}],"author":[{"embeddable":true,"href":"https:\/\/agora.xtec.cat\/iescalgravat\/wp-json\/wp\/v2\/users\/1"}],"replies":[{"embeddable":true,"href":"https:\/\/agora.xtec.cat\/iescalgravat\/wp-json\/wp\/v2\/comments?post=5485"}],"version-history":[{"count":2,"href":"https:\/\/agora.xtec.cat\/iescalgravat\/wp-json\/wp\/v2\/posts\/5485\/revisions"}],"predecessor-version":[{"id":5501,"href":"https:\/\/agora.xtec.cat\/iescalgravat\/wp-json\/wp\/v2\/posts\/5485\/revisions\/5501"}],"wp:featuredmedia":[{"embeddable":true,"href":"https:\/\/agora.xtec.cat\/iescalgravat\/wp-json\/wp\/v2\/media\/5491"}],"wp:attachment":[{"href":"https:\/\/agora.xtec.cat\/iescalgravat\/wp-json\/wp\/v2\/media?parent=5485"}],"wp:term":[{"taxonomy":"category","embeddable":true,"href":"https:\/\/agora.xtec.cat\/iescalgravat\/wp-json\/wp\/v2\/categories?post=5485"},{"taxonomy":"post_tag","embeddable":true,"href":"https:\/\/agora.xtec.cat\/iescalgravat\/wp-json\/wp\/v2\/tags?post=5485"}],"curies":[{"name":"wp","href":"https:\/\/api.w.org\/{rel}","templated":true}]}}