{"id":544,"date":"2016-12-07T12:54:37","date_gmt":"2016-12-07T11:54:37","guid":{"rendered":"http:\/\/agora.xtec.cat\/iescalgravat\/?p=544"},"modified":"2017-01-06T11:22:42","modified_gmt":"2017-01-06T10:22:42","slug":"festival-de-nadal","status":"publish","type":"post","link":"https:\/\/agora.xtec.cat\/iescalgravat\/general\/festival-de-nadal\/","title":{"rendered":"FESTIVAL DE NADAL"},"content":{"rendered":"<p>El proper <em><strong>dijous dia 22 de desembre<\/strong><\/em> el centre t\u00e9 previst celebrar el <em><strong>Festival de Nadal<\/strong><\/em> de l\u2019Institut. Aquest any es realitzar\u00e0 al <em><strong>Teatre Conservatori<\/strong><\/em> de Manresa amb el seg\u00fcent horari:<\/p>\n<p>\u00b7\u00a0\u00a0\u00a0\u00a0 18:00-20:00: Alumnes de primer cicle de l\u2019ESO (1r i 2n d\u2019ESO).<\/p>\n<p>\u00b7\u00a0\u00a0\u00a0\u00a0\u00a0 20:00-22:00: Alumnes de 2n cicle d\u2019ESO (3r i 4t d\u2019ESO) i post-obligatoris.<\/p>\n<p>Com cada any, cada alumne\/a haur\u00e0 de venir acompanyat, com a m\u00ednim d\u2019un adult que se\u2019n responsabilitzi.<\/p>\n<p>La venda d\u2019entrades es far\u00e0 a la <strong>consergeria del centre<\/strong> a partir del <strong>dilluns dia 5 de desembre fins que s\u2019exhaureixin, al preu de 2 \u20ac cadascuna<\/strong>.<\/p>\n<p>Els alumnes que actuen tamb\u00e9 han de comprar la seva entrada.<\/p>\n<p>En el cas que l\u2019alumne\/a actu\u00ef en els dos torns, nom\u00e9s haur\u00e0 de comprar una entrada.<\/p>\n<p>L\u2019horari per comprar les entrades ser\u00e0 de 9:00 a 14:00. I els dimecres de 9:00 a 14:00 i de 15:00-16:00.<\/p>\n","protected":false},"excerpt":{"rendered":"<p>El proper dijous dia 22 de desembre el centre t\u00e9 previst celebrar el Festival de Nadal de l\u2019Institut. Aquest any es realitzar\u00e0 al Teatre Conservatori de Manresa amb el seg\u00fcent horari:<br \/>\n\u00b7\u00a0\u00a0\u00a0\u00a0 18:00-20:00: Alumnes de primer cicle de l\u2019ESO (1r i 2n d\u2019ESO).<br \/>\n\u00b7\u00a0\u00a0\u00a0\u00a0\u00a0 20:00-22:00: Alumnes de&hellip;  <a href=\"https:\/\/agora.xtec.cat\/iescalgravat\/general\/festival-de-nadal\/\" title=\"Read FESTIVAL DE NADAL\">Llegeix m\u00e9s\u00bb<\/a><\/p>\n","protected":false},"author":1,"featured_media":0,"comment_status":"open","ping_status":"open","sticky":false,"template":"","format":"standard","meta":{"_bbp_topic_count":0,"_bbp_reply_count":0,"_bbp_total_topic_count":0,"_bbp_total_reply_count":0,"_bbp_voice_count":0,"_bbp_anonymous_reply_count":0,"_bbp_topic_count_hidden":0,"_bbp_reply_count_hidden":0,"_bbp_forum_subforum_count":0,"footnotes":""},"categories":[3,1],"tags":[],"class_list":["post-544","post","type-post","status-publish","format-standard","hentry","category-eso","category-general"],"post_mailing_queue_ids":[],"_links":{"self":[{"href":"https:\/\/agora.xtec.cat\/iescalgravat\/wp-json\/wp\/v2\/posts\/544","targetHints":{"allow":["GET"]}}],"collection":[{"href":"https:\/\/agora.xtec.cat\/iescalgravat\/wp-json\/wp\/v2\/posts"}],"about":[{"href":"https:\/\/agora.xtec.cat\/iescalgravat\/wp-json\/wp\/v2\/types\/post"}],"author":[{"embeddable":true,"href":"https:\/\/agora.xtec.cat\/iescalgravat\/wp-json\/wp\/v2\/users\/1"}],"replies":[{"embeddable":true,"href":"https:\/\/agora.xtec.cat\/iescalgravat\/wp-json\/wp\/v2\/comments?post=544"}],"version-history":[{"count":1,"href":"https:\/\/agora.xtec.cat\/iescalgravat\/wp-json\/wp\/v2\/posts\/544\/revisions"}],"predecessor-version":[{"id":545,"href":"https:\/\/agora.xtec.cat\/iescalgravat\/wp-json\/wp\/v2\/posts\/544\/revisions\/545"}],"wp:attachment":[{"href":"https:\/\/agora.xtec.cat\/iescalgravat\/wp-json\/wp\/v2\/media?parent=544"}],"wp:term":[{"taxonomy":"category","embeddable":true,"href":"https:\/\/agora.xtec.cat\/iescalgravat\/wp-json\/wp\/v2\/categories?post=544"},{"taxonomy":"post_tag","embeddable":true,"href":"https:\/\/agora.xtec.cat\/iescalgravat\/wp-json\/wp\/v2\/tags?post=544"}],"curies":[{"name":"wp","href":"https:\/\/api.w.org\/{rel}","templated":true}]}}