{"id":5212,"date":"2023-01-18T18:10:14","date_gmt":"2023-01-18T17:10:14","guid":{"rendered":"https:\/\/agora.xtec.cat\/iescalgravat\/?p=5212"},"modified":"2023-05-24T09:34:36","modified_gmt":"2023-05-24T07:34:36","slug":"parlem-amb-lescriptor","status":"publish","type":"post","link":"https:\/\/agora.xtec.cat\/iescalgravat\/general\/parlem-amb-lescriptor\/","title":{"rendered":"PARLEM AMB L&#8217;ESCRIPTOR"},"content":{"rendered":"<p style=\"text-align: justify;\">Dins dels actes planificats a la Biblioteca del centre amb l&#8217;Albert Font autor del llibre &#8220;L&#8217;hereu de la mort&#8221; on amb l&#8217;assist\u00e8ncia volunt\u00e0ria de l&#8217;alumnat de 1r cicle i dins horari de lectura han parlat de ci\u00e8ncia ficci\u00f3, creaci\u00f3 liter\u00e0ria, la d&#8217;escriure, la connexi\u00f3 entre les experi\u00e8ncies vitals i la literatura, el m\u00f3n de la publicaci\u00f3&#8230;<\/p>\n<p style=\"text-align: justify;\">L&#8217;alumnat assistent li han pogut fer preguntes i han participaty molt, el di\u00e0leg entre els alumnes i l&#8217;escriptor ha estat molt reeixit.<\/p>\n<div><\/div>\n<div>\n<table style=\"border-collapse: collapse; width: 100%;\">\n<tbody>\n<tr>\n<td style=\"width: 50%;\"><a href=\"https:\/\/agora.xtec.cat\/iescalgravat\/wp-content\/uploads\/usu63\/2023\/01\/image_67507713-scaled.jpg\"><img loading=\"lazy\" decoding=\"async\" class=\"aligncenter size-medium wp-image-5213\" src=\"https:\/\/agora.xtec.cat\/iescalgravat\/wp-content\/uploads\/usu63\/2023\/01\/image_67507713-225x300.jpg\" alt=\"\" width=\"225\" height=\"300\" srcset=\"https:\/\/agora.xtec.cat\/iescalgravat\/wp-content\/uploads\/usu63\/2023\/01\/image_67507713-225x300.jpg 225w, https:\/\/agora.xtec.cat\/iescalgravat\/wp-content\/uploads\/usu63\/2023\/01\/image_67507713-768x1024.jpg 768w, https:\/\/agora.xtec.cat\/iescalgravat\/wp-content\/uploads\/usu63\/2023\/01\/image_67507713-1152x1536.jpg 1152w, https:\/\/agora.xtec.cat\/iescalgravat\/wp-content\/uploads\/usu63\/2023\/01\/image_67507713-1536x2048.jpg 1536w, https:\/\/agora.xtec.cat\/iescalgravat\/wp-content\/uploads\/usu63\/2023\/01\/image_67507713-scaled.jpg 1920w\" sizes=\"auto, (max-width: 225px) 100vw, 225px\" \/><\/a><\/td>\n<td style=\"width: 50%;\"><a href=\"https:\/\/agora.xtec.cat\/iescalgravat\/wp-content\/uploads\/usu63\/2023\/01\/image_50458113-scaled.jpg\"><img loading=\"lazy\" decoding=\"async\" class=\"aligncenter wp-image-5214\" src=\"https:\/\/agora.xtec.cat\/iescalgravat\/wp-content\/uploads\/usu63\/2023\/01\/image_50458113-300x225.jpg\" alt=\"\" width=\"396\" height=\"297\" srcset=\"https:\/\/agora.xtec.cat\/iescalgravat\/wp-content\/uploads\/usu63\/2023\/01\/image_50458113-300x225.jpg 300w, https:\/\/agora.xtec.cat\/iescalgravat\/wp-content\/uploads\/usu63\/2023\/01\/image_50458113-1024x768.jpg 1024w, https:\/\/agora.xtec.cat\/iescalgravat\/wp-content\/uploads\/usu63\/2023\/01\/image_50458113-768x576.jpg 768w, https:\/\/agora.xtec.cat\/iescalgravat\/wp-content\/uploads\/usu63\/2023\/01\/image_50458113-1536x1152.jpg 1536w, https:\/\/agora.xtec.cat\/iescalgravat\/wp-content\/uploads\/usu63\/2023\/01\/image_50458113-2048x1536.jpg 2048w, https:\/\/agora.xtec.cat\/iescalgravat\/wp-content\/uploads\/usu63\/2023\/01\/image_50458113-200x150.jpg 200w\" sizes=\"auto, (max-width: 396px) 100vw, 396px\" \/><\/a><\/td>\n<\/tr>\n<\/tbody>\n<\/table>\n<\/div>\n","protected":false},"excerpt":{"rendered":"<p>Dins dels actes planificats a la Biblioteca del centre amb l&#8217;Albert Font autor del llibre &#8220;L&#8217;hereu de la mort&#8221; on amb l&#8217;assist\u00e8ncia volunt\u00e0ria de l&#8217;alumnat de 1r cicle i dins horari de lectura han parlat de ci\u00e8ncia ficci\u00f3, creaci\u00f3 liter\u00e0ria, la d&#8217;escriure, la connexi\u00f3 entre&hellip;  <a href=\"https:\/\/agora.xtec.cat\/iescalgravat\/general\/parlem-amb-lescriptor\/\" title=\"Read PARLEM AMB L&#8217;ESCRIPTOR\">Llegeix m\u00e9s\u00bb<\/a><\/p>\n","protected":false},"author":1,"featured_media":0,"comment_status":"open","ping_status":"closed","sticky":false,"template":"","format":"standard","meta":{"_bbp_topic_count":0,"_bbp_reply_count":0,"_bbp_total_topic_count":0,"_bbp_total_reply_count":0,"_bbp_voice_count":0,"_bbp_anonymous_reply_count":0,"_bbp_topic_count_hidden":0,"_bbp_reply_count_hidden":0,"_bbp_forum_subforum_count":0,"footnotes":""},"categories":[3,1],"tags":[],"class_list":["post-5212","post","type-post","status-publish","format-standard","hentry","category-eso","category-general"],"post_mailing_queue_ids":[],"_links":{"self":[{"href":"https:\/\/agora.xtec.cat\/iescalgravat\/wp-json\/wp\/v2\/posts\/5212","targetHints":{"allow":["GET"]}}],"collection":[{"href":"https:\/\/agora.xtec.cat\/iescalgravat\/wp-json\/wp\/v2\/posts"}],"about":[{"href":"https:\/\/agora.xtec.cat\/iescalgravat\/wp-json\/wp\/v2\/types\/post"}],"author":[{"embeddable":true,"href":"https:\/\/agora.xtec.cat\/iescalgravat\/wp-json\/wp\/v2\/users\/1"}],"replies":[{"embeddable":true,"href":"https:\/\/agora.xtec.cat\/iescalgravat\/wp-json\/wp\/v2\/comments?post=5212"}],"version-history":[{"count":3,"href":"https:\/\/agora.xtec.cat\/iescalgravat\/wp-json\/wp\/v2\/posts\/5212\/revisions"}],"predecessor-version":[{"id":5217,"href":"https:\/\/agora.xtec.cat\/iescalgravat\/wp-json\/wp\/v2\/posts\/5212\/revisions\/5217"}],"wp:attachment":[{"href":"https:\/\/agora.xtec.cat\/iescalgravat\/wp-json\/wp\/v2\/media?parent=5212"}],"wp:term":[{"taxonomy":"category","embeddable":true,"href":"https:\/\/agora.xtec.cat\/iescalgravat\/wp-json\/wp\/v2\/categories?post=5212"},{"taxonomy":"post_tag","embeddable":true,"href":"https:\/\/agora.xtec.cat\/iescalgravat\/wp-json\/wp\/v2\/tags?post=5212"}],"curies":[{"name":"wp","href":"https:\/\/api.w.org\/{rel}","templated":true}]}}