{"id":5115,"date":"2022-12-22T11:06:50","date_gmt":"2022-12-22T10:06:50","guid":{"rendered":"https:\/\/agora.xtec.cat\/iescalgravat\/?p=5115"},"modified":"2023-04-18T16:19:15","modified_gmt":"2023-04-18T14:19:15","slug":"comiat-de-lany-2023","status":"publish","type":"post","link":"https:\/\/agora.xtec.cat\/iescalgravat\/general\/comiat-de-lany-2023\/","title":{"rendered":"COMIAT DE L&#8217;ANY 2022"},"content":{"rendered":"<p style=\"text-align: justify;\"><a href=\"https:\/\/agora.xtec.cat\/iescalgravat\/wp-content\/uploads\/usu63\/2022\/12\/Captura-de-Pantalla-2022-12-21-a-les-18.07.38.png\"><img loading=\"lazy\" decoding=\"async\" class=\" wp-image-5117 alignright\" src=\"https:\/\/agora.xtec.cat\/iescalgravat\/wp-content\/uploads\/usu63\/2022\/12\/Captura-de-Pantalla-2022-12-21-a-les-18.07.38-300x286.png\" alt=\"\" width=\"249\" height=\"237\" srcset=\"https:\/\/agora.xtec.cat\/iescalgravat\/wp-content\/uploads\/usu63\/2022\/12\/Captura-de-Pantalla-2022-12-21-a-les-18.07.38-300x286.png 300w, https:\/\/agora.xtec.cat\/iescalgravat\/wp-content\/uploads\/usu63\/2022\/12\/Captura-de-Pantalla-2022-12-21-a-les-18.07.38-768x731.png 768w, https:\/\/agora.xtec.cat\/iescalgravat\/wp-content\/uploads\/usu63\/2022\/12\/Captura-de-Pantalla-2022-12-21-a-les-18.07.38.png 851w\" sizes=\"auto, (max-width: 249px) 100vw, 249px\" \/><\/a>El darrer dia, dimecres 21 de desembre, es van realitzar activitats al centre i fora, pensades i preparades per a nivells i grups per poder-nos acomiadar de l&#8217;any, entre les quals:<\/p>\n<ul>\n<li style=\"text-align: justify;\"><a href=\"https:\/\/agora.xtec.cat\/iescalgravat\/general\/cantates-1r-eso\/\"><strong>Cantates 1r ESO<\/strong><\/a><\/li>\n<li style=\"text-align: justify;\"><a href=\"https:\/\/agora.xtec.cat\/iescalgravat\/general\/els-pastorets-a-2n-eso\/\"><strong>Els Pastorets a 2n ESO<\/strong><\/a><\/li>\n<li style=\"text-align: justify;\"><a href=\"https:\/\/agora.xtec.cat\/iescalgravat\/general\/partit-futbol-professoratalumnat-1r-cicle\/\"><strong>Partit futbol professorat &amp; alumnat 1r Cicle<\/strong><\/a><\/li>\n<li style=\"text-align: justify;\"><a href=\"https:\/\/agora.xtec.cat\/iescalgravat\/general\/partit-futbol-professorat-alumnat-2n-cicle\/\"><strong>Partit futbol professorat &amp; alumnat 2n Cicle<\/strong><\/a><\/li>\n<li style=\"text-align: justify;\"><a href=\"https:\/\/agora.xtec.cat\/iescalgravat\/general\/xocolatada\/\"><strong>Xocolatada per a tothom<\/strong><\/a><\/li>\n<li style=\"text-align: justify;\">Sessi\u00f3 de cinema per nivells<\/li>\n<\/ul>\n<p style=\"text-align: justify;\">Tamb\u00e9 hem <strong><a href=\"https:\/\/www.youtube.com\/watch?v=PXx-YIHH8pA\">acomiadat<\/a> <\/strong>a la conserge, Sra Elisabet Alba que properament haur\u00e0 de canviar el dest\u00ed. Ha estat un dia molt entretingut i la veritat \u00e9s que la valoraci\u00f3 ha estat molt positiva. Ara venen un dies m\u00e9s familiars i de vacances on podreu gaudir dels vostres fills\/es i compartir les viv\u00e8ncies de les festes.<\/p>\n<p style=\"text-align: justify;\">Us <strong>desitgem el millor per l&#8217;any 2023.<\/strong><\/p>\n<p>&nbsp;<\/p>\n<p>&nbsp;<\/p>\n","protected":false},"excerpt":{"rendered":"<p><a href=\"https:\/\/agora.xtec.cat\/iescalgravat\/wp-content\/uploads\/usu63\/2022\/12\/Captura-de-Pantalla-2022-12-21-a-les-18.07.38.png\"><\/a>El darrer dia, dimecres 21 de desembre, es van realitzar activitats al centre i fora, pensades i preparades per a nivells i grups per poder-nos acomiadar de l&#8217;any, entre les quals:<\/p>\n<ul>\n<li style=\"text-align: justify;\"><a href=\"https:\/\/agora.xtec.cat\/iescalgravat\/general\/cantates-1r-eso\/\">Cantates 1r ESO<\/a><\/li>\n<li style=\"text-align: justify;\"><a href=\"https:\/\/agora.xtec.cat\/iescalgravat\/general\/els-pastorets-a-2n-eso\/\">Els Pastorets a 2n ESO<\/a><\/li>\n<li style=\"text-align:&hellip;  <a href=\"https:\/\/agora.xtec.cat\/iescalgravat\/general\/comiat-de-lany-2023\/\" title=\"Read COMIAT DE L&#8217;ANY 2022\">Llegeix m\u00e9s\u00bb<\/a><br \/>\n","protected":false},"author":1,"featured_media":5177,"comment_status":"open","ping_status":"closed","sticky":false,"template":"","format":"standard","meta":{"_bbp_topic_count":0,"_bbp_reply_count":0,"_bbp_total_topic_count":0,"_bbp_total_reply_count":0,"_bbp_voice_count":0,"_bbp_anonymous_reply_count":0,"_bbp_topic_count_hidden":0,"_bbp_reply_count_hidden":0,"_bbp_forum_subforum_count":0,"footnotes":""},"categories":[8,3,1],"tags":[],"class_list":["post-5115","post","type-post","status-publish","format-standard","has-post-thumbnail","hentry","category-batxillerat","category-eso","category-general"],"post_mailing_queue_ids":[],"_links":{"self":[{"href":"https:\/\/agora.xtec.cat\/iescalgravat\/wp-json\/wp\/v2\/posts\/5115","targetHints":{"allow":["GET"]}}],"collection":[{"href":"https:\/\/agora.xtec.cat\/iescalgravat\/wp-json\/wp\/v2\/posts"}],"about":[{"href":"https:\/\/agora.xtec.cat\/iescalgravat\/wp-json\/wp\/v2\/types\/post"}],"author":[{"embeddable":true,"href":"https:\/\/agora.xtec.cat\/iescalgravat\/wp-json\/wp\/v2\/users\/1"}],"replies":[{"embeddable":true,"href":"https:\/\/agora.xtec.cat\/iescalgravat\/wp-json\/wp\/v2\/comments?post=5115"}],"version-history":[{"count":4,"href":"https:\/\/agora.xtec.cat\/iescalgravat\/wp-json\/wp\/v2\/posts\/5115\/revisions"}],"predecessor-version":[{"id":5120,"href":"https:\/\/agora.xtec.cat\/iescalgravat\/wp-json\/wp\/v2\/posts\/5115\/revisions\/5120"}],"wp:featuredmedia":[{"embeddable":true,"href":"https:\/\/agora.xtec.cat\/iescalgravat\/wp-json\/wp\/v2\/media\/5177"}],"wp:attachment":[{"href":"https:\/\/agora.xtec.cat\/iescalgravat\/wp-json\/wp\/v2\/media?parent=5115"}],"wp:term":[{"taxonomy":"category","embeddable":true,"href":"https:\/\/agora.xtec.cat\/iescalgravat\/wp-json\/wp\/v2\/categories?post=5115"},{"taxonomy":"post_tag","embeddable":true,"href":"https:\/\/agora.xtec.cat\/iescalgravat\/wp-json\/wp\/v2\/tags?post=5115"}],"curies":[{"name":"wp","href":"https:\/\/api.w.org\/{rel}","templated":true}]}}