{"id":5107,"date":"2022-12-19T20:22:25","date_gmt":"2022-12-19T19:22:25","guid":{"rendered":"https:\/\/agora.xtec.cat\/iescalgravat\/?p=5107"},"modified":"2023-04-18T16:19:27","modified_gmt":"2023-04-18T14:19:27","slug":"xerrades-somriu-som-adolescents","status":"publish","type":"post","link":"https:\/\/agora.xtec.cat\/iescalgravat\/general\/xerrades-somriu-som-adolescents\/","title":{"rendered":"XERRADES &#8220;SOMRIU, SOM ADOLESCENTS&#8221;"},"content":{"rendered":"<p style=\"text-align: justify;\">A petici\u00f3 de l&#8217;AMPA i a trav\u00e9s de la Diputaci\u00f3 de Barcelona, s&#8217;ha organitzat un seguit de xerrades per a fam\u00edlies el mes de gener a la Biblioteca del centre, on en Marc Ros (Psic\u00f2leg infantil-Juvenil i familiar) parlar\u00e0 sobre qu\u00e8 significa ser adolescent en els temps actuals, sobre la viv\u00e8ncia de la parentalitat i com acompanyar els i les joves en aquest tr\u00e0nsit cap a la vida adulta, tenint en compte les seves caracter\u00edstiques i circumst\u00e0ncies personals, familiars i socials.<a href=\"https:\/\/agora.xtec.cat\/iescalgravat\/wp-content\/uploads\/usu63\/2022\/12\/Captura-de-Pantalla-2022-12-19-a-les-20.14.04.png\"><img loading=\"lazy\" decoding=\"async\" class=\"wp-image-5108 alignleft\" src=\"https:\/\/agora.xtec.cat\/iescalgravat\/wp-content\/uploads\/usu63\/2022\/12\/Captura-de-Pantalla-2022-12-19-a-les-20.14.04-212x300.png\" alt=\"\" width=\"177\" height=\"250\" srcset=\"https:\/\/agora.xtec.cat\/iescalgravat\/wp-content\/uploads\/usu63\/2022\/12\/Captura-de-Pantalla-2022-12-19-a-les-20.14.04-212x300.png 212w, https:\/\/agora.xtec.cat\/iescalgravat\/wp-content\/uploads\/usu63\/2022\/12\/Captura-de-Pantalla-2022-12-19-a-les-20.14.04.png 585w\" sizes=\"auto, (max-width: 177px) 100vw, 177px\" \/><\/a><\/p>\n<p>Els dies de les xerrades &#8220;Somriu, som adolescents&#8221;:<\/p>\n<ul>\n<li style=\"list-style-type: none;\">\n<ul>\n<li style=\"list-style-type: none;\">\n<ul>\n<li>Dimarts 24 gener<\/li>\n<li>Dimarts 31 gener<\/li>\n<li>Dimarts 7 febrer<\/li>\n<\/ul>\n<\/li>\n<\/ul>\n<\/li>\n<\/ul>\n<p>Durada: 2 hores de 18:30 a 20:30.<\/p>\n<p>Us agrair\u00edem pod\u00e9ssiu participar tot i enviant un mail a <strong><a href=\"mailto:a8065330@xtec.cat\">a8065330@xtec.cat<\/a><\/strong><\/p>\n","protected":false},"excerpt":{"rendered":"<p>A petici\u00f3 de l&#8217;AMPA i a trav\u00e9s de la Diputaci\u00f3 de Barcelona, s&#8217;ha organitzat un seguit de xerrades per a fam\u00edlies el mes de gener a la Biblioteca del centre, on en Marc Ros (Psic\u00f2leg infantil-Juvenil i familiar) parlar\u00e0 sobre qu\u00e8 significa ser adolescent en&hellip;  <a href=\"https:\/\/agora.xtec.cat\/iescalgravat\/general\/xerrades-somriu-som-adolescents\/\" title=\"Read XERRADES &#8220;SOMRIU, SOM ADOLESCENTS&#8221;\">Llegeix m\u00e9s\u00bb<\/a><\/p>\n","protected":false},"author":1,"featured_media":5108,"comment_status":"open","ping_status":"closed","sticky":false,"template":"","format":"standard","meta":{"_bbp_topic_count":0,"_bbp_reply_count":0,"_bbp_total_topic_count":0,"_bbp_total_reply_count":0,"_bbp_voice_count":0,"_bbp_anonymous_reply_count":0,"_bbp_topic_count_hidden":0,"_bbp_reply_count_hidden":0,"_bbp_forum_subforum_count":0,"footnotes":""},"categories":[31,1],"tags":[],"class_list":["post-5107","post","type-post","status-publish","format-standard","has-post-thumbnail","hentry","category-ampa","category-general"],"post_mailing_queue_ids":[],"_links":{"self":[{"href":"https:\/\/agora.xtec.cat\/iescalgravat\/wp-json\/wp\/v2\/posts\/5107","targetHints":{"allow":["GET"]}}],"collection":[{"href":"https:\/\/agora.xtec.cat\/iescalgravat\/wp-json\/wp\/v2\/posts"}],"about":[{"href":"https:\/\/agora.xtec.cat\/iescalgravat\/wp-json\/wp\/v2\/types\/post"}],"author":[{"embeddable":true,"href":"https:\/\/agora.xtec.cat\/iescalgravat\/wp-json\/wp\/v2\/users\/1"}],"replies":[{"embeddable":true,"href":"https:\/\/agora.xtec.cat\/iescalgravat\/wp-json\/wp\/v2\/comments?post=5107"}],"version-history":[{"count":4,"href":"https:\/\/agora.xtec.cat\/iescalgravat\/wp-json\/wp\/v2\/posts\/5107\/revisions"}],"predecessor-version":[{"id":5112,"href":"https:\/\/agora.xtec.cat\/iescalgravat\/wp-json\/wp\/v2\/posts\/5107\/revisions\/5112"}],"wp:featuredmedia":[{"embeddable":true,"href":"https:\/\/agora.xtec.cat\/iescalgravat\/wp-json\/wp\/v2\/media\/5108"}],"wp:attachment":[{"href":"https:\/\/agora.xtec.cat\/iescalgravat\/wp-json\/wp\/v2\/media?parent=5107"}],"wp:term":[{"taxonomy":"category","embeddable":true,"href":"https:\/\/agora.xtec.cat\/iescalgravat\/wp-json\/wp\/v2\/categories?post=5107"},{"taxonomy":"post_tag","embeddable":true,"href":"https:\/\/agora.xtec.cat\/iescalgravat\/wp-json\/wp\/v2\/tags?post=5107"}],"curies":[{"name":"wp","href":"https:\/\/api.w.org\/{rel}","templated":true}]}}