{"id":5102,"date":"2022-12-19T18:46:35","date_gmt":"2022-12-19T17:46:35","guid":{"rendered":"https:\/\/agora.xtec.cat\/iescalgravat\/?p=5102"},"modified":"2023-04-18T16:19:38","modified_gmt":"2023-04-18T14:19:38","slug":"espai-emfasiun-acompanyament-a-la-salut-emocional-dels-joves","status":"publish","type":"post","link":"https:\/\/agora.xtec.cat\/iescalgravat\/general\/espai-emfasiun-acompanyament-a-la-salut-emocional-dels-joves\/","title":{"rendered":"ESPAI \u00c8MFASI, UN ACOMPANYAMENT A LA SALUT EMOCIONAL DELS JOVES"},"content":{"rendered":"<p style=\"text-align: justify;\"><span style=\"font-weight: 400;\">L\u2019adolesc\u00e8ncia \u00e9s una revoluci\u00f3 en molts aspectes: f\u00edsics, mentals i tamb\u00e9 emocionals. Durant aquesta etapa, emocions com la por, la r\u00e0bia, el dolor, la tristesa, el desencant, l\u2019alegria, l\u2019amor i la dispersi\u00f3 agafen una nova envergadura que, en alguns casos, pot resultar dif\u00edcil de gestionar pel propi adolescent i tamb\u00e9 per les seves fam\u00edlies.<\/span><\/p>\n<p style=\"text-align: justify;\"><span style=\"font-weight: 400;\">Per tal d\u2019acompanyar els joves que senten malestar emocional, <em>l\u2019Oficina Jove del Bages<\/em> ha creat <strong>l\u2019Espai \u00c8mfasi<\/strong>. Un servei de salut emocional p\u00fablic i gratu\u00eft, destinat a joves entre 12 i 35 anys, les fam\u00edlies, entitats i altres professionals que intervenen amb aquest col\u00b7lectiu. Pret\u00e9n actuar com a eina promotora d\u2019educaci\u00f3 emocional i prevenir el desenvolupament de trastorns de salut mental. No \u00e9s un servei de diagn\u00f2stic i tractament cl\u00ednic, sin\u00f3 un espai de suport i acompanyament a la comprensi\u00f3 emocional.<\/span><\/p>\n<p style=\"text-align: justify;\"><span style=\"font-weight: 400;\">\u00a0<\/span><span style=\"font-weight: 400;\">Aquest espai compta amb una perspectiva integral i aposten pel treball en xarxa i per la creaci\u00f3 de sinergies amb altres agents i recursos del territori, per poder ampliar l\u2019acompanyament de les persones joves en aspectes com l\u2019oci, l\u2019associacionisme, la sexualitat i d\u2019altres recursos comunitaris.\u00a0<\/span><\/p>\n<p style=\"text-align: justify;\"><span style=\"font-weight: 400;\">\u00a0<\/span><span style=\"font-weight: 400;\">L\u2019equip de l\u2019Espai \u00c8mfasi est\u00e0 constitu\u00eft per una educadora social i una psic\u00f2loga a jornada completa i dos psic\u00f2legs a mitja jornada.<\/span><\/p>\n<p style=\"text-align: justify;\"><span style=\"font-weight: 400;\">El servei est\u00e0 ubicat a l\u2019Oficina Jove del Bages, a l\u2019espai jove Joan Amades de Manresa, per\u00f2 presta servei a tota la comarca, permetent l\u2019opci\u00f3 de realitzar accions descentralitzades.\u00a0<\/span><\/p>\n<p style=\"text-align: justify;\"><span style=\"font-weight: 400;\">Les vies de contacte amb l\u2019Espai s\u00f3n a trav\u00e9s de l\u2019Oficina Jove del Bages (<strong>93.877.13.60<\/strong>), a trav\u00e9s del correu electr\u00f2nic <\/span><strong>salutbages@oficinajove.cat<\/strong><span style=\"font-weight: 400;\"> o b\u00e9 al tel\u00e8fon\/watssap: <strong>670.22.81.58<\/strong>.\u00a0<\/span><\/p>\n<p style=\"text-align: justify;\"><strong><a href=\"https:\/\/agora.xtec.cat\/iescalgravat\/wp-content\/uploads\/usu63\/2022\/12\/b7849b28a8714f05de736f845706b21c.pdf\" target=\"_blank\" rel=\"noopener\">TR\u00cdPTIC INFORMATIU<\/a><\/strong><\/p>\n<p><a href=\"https:\/\/agora.xtec.cat\/iescalgravat\/wp-content\/uploads\/usu63\/2022\/12\/unnamed.jpg\"><img loading=\"lazy\" decoding=\"async\" class=\"aligncenter size-medium wp-image-5104\" src=\"https:\/\/agora.xtec.cat\/iescalgravat\/wp-content\/uploads\/usu63\/2022\/12\/unnamed-300x214.jpg\" alt=\"\" width=\"300\" height=\"214\" srcset=\"https:\/\/agora.xtec.cat\/iescalgravat\/wp-content\/uploads\/usu63\/2022\/12\/unnamed-300x214.jpg 300w, https:\/\/agora.xtec.cat\/iescalgravat\/wp-content\/uploads\/usu63\/2022\/12\/unnamed.jpg 512w\" sizes=\"auto, (max-width: 300px) 100vw, 300px\" \/><\/a><\/p>\n","protected":false},"excerpt":{"rendered":"<p>L\u2019adolesc\u00e8ncia \u00e9s una revoluci\u00f3 en molts aspectes: f\u00edsics, mentals i tamb\u00e9 emocionals. Durant aquesta etapa, emocions com la por, la r\u00e0bia, el dolor, la tristesa, el desencant, l\u2019alegria, l\u2019amor i la dispersi\u00f3 agafen una nova envergadura que, en alguns casos, pot resultar dif\u00edcil de gestionar&hellip;  <a href=\"https:\/\/agora.xtec.cat\/iescalgravat\/general\/espai-emfasiun-acompanyament-a-la-salut-emocional-dels-joves\/\" title=\"Read ESPAI \u00c8MFASI, UN ACOMPANYAMENT A LA SALUT EMOCIONAL DELS JOVES\">Llegeix m\u00e9s\u00bb<\/a><\/p>\n","protected":false},"author":1,"featured_media":0,"comment_status":"open","ping_status":"closed","sticky":false,"template":"","format":"standard","meta":{"_bbp_topic_count":0,"_bbp_reply_count":0,"_bbp_total_topic_count":0,"_bbp_total_reply_count":0,"_bbp_voice_count":0,"_bbp_anonymous_reply_count":0,"_bbp_topic_count_hidden":0,"_bbp_reply_count_hidden":0,"_bbp_forum_subforum_count":0,"footnotes":""},"categories":[1],"tags":[],"class_list":["post-5102","post","type-post","status-publish","format-standard","hentry","category-general"],"post_mailing_queue_ids":[],"_links":{"self":[{"href":"https:\/\/agora.xtec.cat\/iescalgravat\/wp-json\/wp\/v2\/posts\/5102","targetHints":{"allow":["GET"]}}],"collection":[{"href":"https:\/\/agora.xtec.cat\/iescalgravat\/wp-json\/wp\/v2\/posts"}],"about":[{"href":"https:\/\/agora.xtec.cat\/iescalgravat\/wp-json\/wp\/v2\/types\/post"}],"author":[{"embeddable":true,"href":"https:\/\/agora.xtec.cat\/iescalgravat\/wp-json\/wp\/v2\/users\/1"}],"replies":[{"embeddable":true,"href":"https:\/\/agora.xtec.cat\/iescalgravat\/wp-json\/wp\/v2\/comments?post=5102"}],"version-history":[{"count":2,"href":"https:\/\/agora.xtec.cat\/iescalgravat\/wp-json\/wp\/v2\/posts\/5102\/revisions"}],"predecessor-version":[{"id":5106,"href":"https:\/\/agora.xtec.cat\/iescalgravat\/wp-json\/wp\/v2\/posts\/5102\/revisions\/5106"}],"wp:attachment":[{"href":"https:\/\/agora.xtec.cat\/iescalgravat\/wp-json\/wp\/v2\/media?parent=5102"}],"wp:term":[{"taxonomy":"category","embeddable":true,"href":"https:\/\/agora.xtec.cat\/iescalgravat\/wp-json\/wp\/v2\/categories?post=5102"},{"taxonomy":"post_tag","embeddable":true,"href":"https:\/\/agora.xtec.cat\/iescalgravat\/wp-json\/wp\/v2\/tags?post=5102"}],"curies":[{"name":"wp","href":"https:\/\/api.w.org\/{rel}","templated":true}]}}