{"id":5005,"date":"2022-11-04T12:08:44","date_gmt":"2022-11-04T11:08:44","guid":{"rendered":"https:\/\/agora.xtec.cat\/iescalgravat\/?p=5005"},"modified":"2023-04-18T16:21:19","modified_gmt":"2023-04-18T14:21:19","slug":"taller-de-percussio-corporal-a-4rt-deso-3","status":"publish","type":"post","link":"https:\/\/agora.xtec.cat\/iescalgravat\/general\/taller-de-percussio-corporal-a-4rt-deso-3\/","title":{"rendered":"TALLER PERCUSSI\u00d3 CORPORAL 4rt ESO"},"content":{"rendered":"<div style=\"text-align: justify;\">El 3 de novembre, l&#8217;alumnat de 4t d&#8217;ESO hem gaudit d&#8217;una sessi\u00f3 de percussi\u00f3 corporal a c\u00e0rrec del <strong>Marc Sibila<\/strong>.<\/div>\n<div style=\"text-align: justify;\"><\/div>\n<div style=\"text-align: justify;\">Al gimn\u00e0s de l&#8217;institut hem realitzat les t\u00e8cniques b\u00e0siques, utilitzant les mans i la resta del cos per fer diferents ritmes, tamb\u00e9 hem utilitzat uns tubs de colors que colpejant amb el cos feiem les diferents notes musical i hem aconseguit reproduir el ritme de diferents can\u00e7ons.<\/div>\n<div style=\"text-align: justify;\"><\/div>\n<div style=\"text-align: justify;\">Ha estat una sessi\u00f3 ben diferent!<\/div>\n<div><\/div>\n<div>\n<table style=\"border-collapse: collapse; width: 80.2194%;\">\n<tbody>\n<tr>\n<td style=\"width: 40.4762%; border-color: #000000; background-color: #49e5eb;\"><a href=\"https:\/\/agora.xtec.cat\/iescalgravat\/wp-content\/uploads\/usu63\/2022\/11\/PHOTO-2022-11-03-15-01-32-19.jpg\"><img loading=\"lazy\" decoding=\"async\" class=\"aligncenter size-medium wp-image-5006\" src=\"https:\/\/agora.xtec.cat\/iescalgravat\/wp-content\/uploads\/usu63\/2022\/11\/PHOTO-2022-11-03-15-01-32-19-300x225.jpg\" alt=\"\" width=\"300\" height=\"225\" srcset=\"https:\/\/agora.xtec.cat\/iescalgravat\/wp-content\/uploads\/usu63\/2022\/11\/PHOTO-2022-11-03-15-01-32-19-300x225.jpg 300w, https:\/\/agora.xtec.cat\/iescalgravat\/wp-content\/uploads\/usu63\/2022\/11\/PHOTO-2022-11-03-15-01-32-19-768x576.jpg 768w, https:\/\/agora.xtec.cat\/iescalgravat\/wp-content\/uploads\/usu63\/2022\/11\/PHOTO-2022-11-03-15-01-32-19-200x150.jpg 200w, https:\/\/agora.xtec.cat\/iescalgravat\/wp-content\/uploads\/usu63\/2022\/11\/PHOTO-2022-11-03-15-01-32-19.jpg 1024w\" sizes=\"auto, (max-width: 300px) 100vw, 300px\" \/><\/a><\/td>\n<td style=\"width: 39.7436%; border-color: #000000; background-color: #49e5eb;\"><a href=\"https:\/\/agora.xtec.cat\/iescalgravat\/wp-content\/uploads\/usu63\/2022\/11\/PHOTO-2022-11-03-15-01-32-22.jpg\"><img loading=\"lazy\" decoding=\"async\" class=\"aligncenter size-medium wp-image-5007\" src=\"https:\/\/agora.xtec.cat\/iescalgravat\/wp-content\/uploads\/usu63\/2022\/11\/PHOTO-2022-11-03-15-01-32-22-300x225.jpg\" alt=\"\" width=\"300\" height=\"225\" srcset=\"https:\/\/agora.xtec.cat\/iescalgravat\/wp-content\/uploads\/usu63\/2022\/11\/PHOTO-2022-11-03-15-01-32-22-300x225.jpg 300w, https:\/\/agora.xtec.cat\/iescalgravat\/wp-content\/uploads\/usu63\/2022\/11\/PHOTO-2022-11-03-15-01-32-22-768x576.jpg 768w, https:\/\/agora.xtec.cat\/iescalgravat\/wp-content\/uploads\/usu63\/2022\/11\/PHOTO-2022-11-03-15-01-32-22-200x150.jpg 200w, https:\/\/agora.xtec.cat\/iescalgravat\/wp-content\/uploads\/usu63\/2022\/11\/PHOTO-2022-11-03-15-01-32-22.jpg 1024w\" sizes=\"auto, (max-width: 300px) 100vw, 300px\" \/><\/a><\/td>\n<\/tr>\n<\/tbody>\n<\/table>\n<div style=\"width: 640px;\" class=\"wp-video\"><!--[if lt IE 9]><script>document.createElement('video');<\/script><![endif]-->\n<video class=\"wp-video-shortcode\" id=\"video-5005-1\" width=\"640\" height=\"352\" preload=\"metadata\" controls=\"controls\"><source type=\"video\/mp4\" src=\"https:\/\/agora.xtec.cat\/iescalgravat\/wp-content\/uploads\/usu63\/2022\/11\/VIDEO-2022-11-03-15-56-40-2.mp4?_=1\" \/><a href=\"https:\/\/agora.xtec.cat\/iescalgravat\/wp-content\/uploads\/usu63\/2022\/11\/VIDEO-2022-11-03-15-56-40-2.mp4\">https:\/\/agora.xtec.cat\/iescalgravat\/wp-content\/uploads\/usu63\/2022\/11\/VIDEO-2022-11-03-15-56-40-2.mp4<\/a><\/video><\/div>\n<\/div>\n","protected":false},"excerpt":{"rendered":"<p>El 3 de novembre, l&#8217;alumnat de 4t d&#8217;ESO hem gaudit d&#8217;una sessi\u00f3 de percussi\u00f3 corporal a c\u00e0rrec del Marc Sibila.<\/p>\n<p>Al gimn\u00e0s de l&#8217;institut hem realitzat les t\u00e8cniques b\u00e0siques, utilitzant les mans i la resta del cos per fer diferents ritmes, tamb\u00e9 hem utilitzat uns tubs&hellip;  <a href=\"https:\/\/agora.xtec.cat\/iescalgravat\/general\/taller-de-percussio-corporal-a-4rt-deso-3\/\" title=\"Read TALLER PERCUSSI\u00d3 CORPORAL 4rt ESO\">Llegeix m\u00e9s\u00bb<\/a><\/p>\n","protected":false},"author":1,"featured_media":5007,"comment_status":"open","ping_status":"closed","sticky":false,"template":"","format":"standard","meta":{"_bbp_topic_count":0,"_bbp_reply_count":0,"_bbp_total_topic_count":0,"_bbp_total_reply_count":0,"_bbp_voice_count":0,"_bbp_anonymous_reply_count":0,"_bbp_topic_count_hidden":0,"_bbp_reply_count_hidden":0,"_bbp_forum_subforum_count":0,"footnotes":""},"categories":[7,1],"tags":[],"class_list":["post-5005","post","type-post","status-publish","format-standard","has-post-thumbnail","hentry","category-eso-4","category-general"],"post_mailing_queue_ids":[],"_links":{"self":[{"href":"https:\/\/agora.xtec.cat\/iescalgravat\/wp-json\/wp\/v2\/posts\/5005","targetHints":{"allow":["GET"]}}],"collection":[{"href":"https:\/\/agora.xtec.cat\/iescalgravat\/wp-json\/wp\/v2\/posts"}],"about":[{"href":"https:\/\/agora.xtec.cat\/iescalgravat\/wp-json\/wp\/v2\/types\/post"}],"author":[{"embeddable":true,"href":"https:\/\/agora.xtec.cat\/iescalgravat\/wp-json\/wp\/v2\/users\/1"}],"replies":[{"embeddable":true,"href":"https:\/\/agora.xtec.cat\/iescalgravat\/wp-json\/wp\/v2\/comments?post=5005"}],"version-history":[{"count":2,"href":"https:\/\/agora.xtec.cat\/iescalgravat\/wp-json\/wp\/v2\/posts\/5005\/revisions"}],"predecessor-version":[{"id":5010,"href":"https:\/\/agora.xtec.cat\/iescalgravat\/wp-json\/wp\/v2\/posts\/5005\/revisions\/5010"}],"wp:featuredmedia":[{"embeddable":true,"href":"https:\/\/agora.xtec.cat\/iescalgravat\/wp-json\/wp\/v2\/media\/5007"}],"wp:attachment":[{"href":"https:\/\/agora.xtec.cat\/iescalgravat\/wp-json\/wp\/v2\/media?parent=5005"}],"wp:term":[{"taxonomy":"category","embeddable":true,"href":"https:\/\/agora.xtec.cat\/iescalgravat\/wp-json\/wp\/v2\/categories?post=5005"},{"taxonomy":"post_tag","embeddable":true,"href":"https:\/\/agora.xtec.cat\/iescalgravat\/wp-json\/wp\/v2\/tags?post=5005"}],"curies":[{"name":"wp","href":"https:\/\/api.w.org\/{rel}","templated":true}]}}