{"id":4976,"date":"2022-10-28T13:24:19","date_gmt":"2022-10-28T11:24:19","guid":{"rendered":"https:\/\/agora.xtec.cat\/iescalgravat\/?p=4976"},"modified":"2022-11-01T19:42:15","modified_gmt":"2022-11-01T18:42:15","slug":"presentacio-de-lauxiliar-de-conversa-daquest-curs","status":"publish","type":"post","link":"https:\/\/agora.xtec.cat\/iescalgravat\/general\/presentacio-de-lauxiliar-de-conversa-daquest-curs\/","title":{"rendered":"AUXILIAR DE CONVERSA D&#8217;ALEMANY"},"content":{"rendered":"<p style=\"text-align: justify;\">Donem la benvinguda a en <strong>Philipp Jung<\/strong>, l&#8217;auxiliar de conversa de llengua alemanya d&#8217;aquest curs escolar\u00a0 2022-23. En Philipp ens ajudar\u00e0 a practicar l&#8217;alemany i a con\u00e8ixer de m\u00e9s a prop la cultura germ\u00e0nica. Vols con\u00e8ixer-lo una mica m\u00e9s? mira&#8217;t el seu <strong><a href=\"https:\/\/drive.google.com\/file\/d\/1g60DrV_q9TrdmVUDlF72ALs_5xYIEJys\/view?usp=sharing\" target=\"_blank\" rel=\"noopener\"><em>V\u00eddeo<\/em><\/a><\/strong> <a href=\"https:\/\/agora.xtec.cat\/iescalgravat\/wp-content\/uploads\/usu63\/2022\/10\/video-e1666956948323.png\"><img loading=\"lazy\" decoding=\"async\" class=\"size-medium wp-image-4978 alignleft\" src=\"https:\/\/agora.xtec.cat\/iescalgravat\/wp-content\/uploads\/usu63\/2022\/10\/video-e1666956948323-176x300.png\" alt=\"\" width=\"176\" height=\"300\" srcset=\"https:\/\/agora.xtec.cat\/iescalgravat\/wp-content\/uploads\/usu63\/2022\/10\/video-e1666956948323-176x300.png 176w, https:\/\/agora.xtec.cat\/iescalgravat\/wp-content\/uploads\/usu63\/2022\/10\/video-e1666956948323.png 441w\" sizes=\"auto, (max-width: 176px) 100vw, 176px\" \/><\/a><\/p>\n","protected":false},"excerpt":{"rendered":"<p>Donem la benvinguda a en Philipp Jung, l&#8217;auxiliar de conversa de llengua alemanya d&#8217;aquest curs escolar\u00a0 2022-23. En Philipp ens ajudar\u00e0 a practicar l&#8217;alemany i a con\u00e8ixer de m\u00e9s a prop la cultura germ\u00e0nica. Vols con\u00e8ixer-lo una mica m\u00e9s? mira&#8217;t el seu <a href=\"https:\/\/drive.google.com\/file\/d\/1g60DrV_q9TrdmVUDlF72ALs_5xYIEJys\/view?usp=sharing\" target=\"_blank\"&hellip;  <a href=\"https:\/\/agora.xtec.cat\/iescalgravat\/general\/presentacio-de-lauxiliar-de-conversa-daquest-curs\/\" title=\"Read AUXILIAR DE CONVERSA D&#8217;ALEMANY\">Llegeix m\u00e9s\u00bb<\/a><\/p>\n","protected":false},"author":1,"featured_media":4978,"comment_status":"open","ping_status":"closed","sticky":false,"template":"","format":"standard","meta":{"_bbp_topic_count":0,"_bbp_reply_count":0,"_bbp_total_topic_count":0,"_bbp_total_reply_count":0,"_bbp_voice_count":0,"_bbp_anonymous_reply_count":0,"_bbp_topic_count_hidden":0,"_bbp_reply_count_hidden":0,"_bbp_forum_subforum_count":0,"footnotes":""},"categories":[1,29],"tags":[],"class_list":["post-4976","post","type-post","status-publish","format-standard","has-post-thumbnail","hentry","category-general","category-portada"],"post_mailing_queue_ids":[],"_links":{"self":[{"href":"https:\/\/agora.xtec.cat\/iescalgravat\/wp-json\/wp\/v2\/posts\/4976","targetHints":{"allow":["GET"]}}],"collection":[{"href":"https:\/\/agora.xtec.cat\/iescalgravat\/wp-json\/wp\/v2\/posts"}],"about":[{"href":"https:\/\/agora.xtec.cat\/iescalgravat\/wp-json\/wp\/v2\/types\/post"}],"author":[{"embeddable":true,"href":"https:\/\/agora.xtec.cat\/iescalgravat\/wp-json\/wp\/v2\/users\/1"}],"replies":[{"embeddable":true,"href":"https:\/\/agora.xtec.cat\/iescalgravat\/wp-json\/wp\/v2\/comments?post=4976"}],"version-history":[{"count":4,"href":"https:\/\/agora.xtec.cat\/iescalgravat\/wp-json\/wp\/v2\/posts\/4976\/revisions"}],"predecessor-version":[{"id":5002,"href":"https:\/\/agora.xtec.cat\/iescalgravat\/wp-json\/wp\/v2\/posts\/4976\/revisions\/5002"}],"wp:featuredmedia":[{"embeddable":true,"href":"https:\/\/agora.xtec.cat\/iescalgravat\/wp-json\/wp\/v2\/media\/4978"}],"wp:attachment":[{"href":"https:\/\/agora.xtec.cat\/iescalgravat\/wp-json\/wp\/v2\/media?parent=4976"}],"wp:term":[{"taxonomy":"category","embeddable":true,"href":"https:\/\/agora.xtec.cat\/iescalgravat\/wp-json\/wp\/v2\/categories?post=4976"},{"taxonomy":"post_tag","embeddable":true,"href":"https:\/\/agora.xtec.cat\/iescalgravat\/wp-json\/wp\/v2\/tags?post=4976"}],"curies":[{"name":"wp","href":"https:\/\/api.w.org\/{rel}","templated":true}]}}