{"id":4949,"date":"2022-09-28T10:13:04","date_gmt":"2022-09-28T08:13:04","guid":{"rendered":"https:\/\/agora.xtec.cat\/iescalgravat\/?p=4949"},"modified":"2022-10-05T18:55:35","modified_gmt":"2022-10-05T16:55:35","slug":"engegem-al-biblioteca","status":"publish","type":"post","link":"https:\/\/agora.xtec.cat\/iescalgravat\/general\/engegem-al-biblioteca\/","title":{"rendered":"ENGEGUEM LA BIBLIOTECA!"},"content":{"rendered":"<p style=\"text-align: justify;\">Hola a tothom! Aquest any engeguem la <strong>Biblioteca\u00a0Calgr\u00e0<\/strong>. Tant si teniu deures, com si voleu repassar un examen o simplement voleu llegir una estona, podeu venir a la biblioteca a la primera hora del pati. Comptem amb un dinamitzador que ser\u00e0 all\u00e0 per ajudar-vos amb tot el que pugueu necessitar. A m\u00e9s, tots els llibres i el material de la biblioteca s\u00f3n a la vostra disposici\u00f3, tot i que de moment no us els podeu endur. Per\u00f2 no patiu, ben aviat engegarem el servei de pr\u00e9stec de la biblioteca!<\/p>\n<p style=\"text-align: justify;\">Tamb\u00e9 hem obert un <strong>instagram<\/strong> i un <strong>blog<\/strong> perqu\u00e8 pugueu seguir tota la informaci\u00f3 relacionada amb la biblioteca Calgr\u00e0. Us deixem els enlla\u00e7os m\u00e9s avall. Estigueu atents que encetarem projectes per a tots els alumnes!<a href=\"https:\/\/agora.xtec.cat\/iescalgravat\/wp-content\/uploads\/usu63\/2022\/09\/images-1.jpg\"><img loading=\"lazy\" decoding=\"async\" class=\"aligncenter size-full wp-image-4951\" src=\"https:\/\/agora.xtec.cat\/iescalgravat\/wp-content\/uploads\/usu63\/2022\/09\/images-1.jpg\" alt=\"\" width=\"231\" height=\"218\" \/><\/a><\/p>\n<div><\/div>\n<div>\n<p>Enlla\u00e7 al blog:\u00a0<strong><a href=\"https:\/\/sites.google.com\/icalgravat.net\/racodelletres\/curs-2022-2023\/biblioteca?authuser=0\" target=\"_blank\" rel=\"noopener\" data-saferedirecturl=\"https:\/\/www.google.com\/url?q=https:\/\/sites.google.com\/icalgravat.net\/racodelletres\/curs-2022-2023\/biblioteca?authuser%3D0&amp;source=gmail&amp;ust=1664438498855000&amp;usg=AOvVaw0qz9_-MFjZ0Xx-siukzfJH\">https:\/\/sites.google.<wbr \/>com\/icalgravat.net\/<wbr \/>racodelletres\/curs-2022-2023\/<wbr \/>biblioteca?authuser=0<\/a><\/strong><\/p>\n<div>\n<div>Enlla\u00e7 a l&#8217;instagram:\u00a0<strong><a href=\"https:\/\/www.instagram.com\/bibliotecacalgra\/\" target=\"_blank\" rel=\"noopener\" data-saferedirecturl=\"https:\/\/www.google.com\/url?q=https:\/\/www.instagram.com\/bibliotecacalgra\/&amp;source=gmail&amp;ust=1664438498855000&amp;usg=AOvVaw3CXnB7YZhVeQwn4c91NNch\">https:\/\/www.<wbr \/>instagram.com\/<wbr \/>bibliotecacalgra\/<\/a><\/strong><\/div>\n<\/div>\n<\/div>\n","protected":false},"excerpt":{"rendered":"<p>Hola a tothom! Aquest any engeguem la Biblioteca\u00a0Calgr\u00e0. Tant si teniu deures, com si voleu repassar un examen o simplement voleu llegir una estona, podeu venir a la biblioteca a la primera hora del pati. Comptem amb un dinamitzador que ser\u00e0 all\u00e0 per ajudar-vos amb&hellip;  <a href=\"https:\/\/agora.xtec.cat\/iescalgravat\/general\/engegem-al-biblioteca\/\" title=\"Read ENGEGUEM LA BIBLIOTECA!\">Llegeix m\u00e9s\u00bb<\/a><\/p>\n","protected":false},"author":1,"featured_media":4950,"comment_status":"open","ping_status":"closed","sticky":false,"template":"","format":"standard","meta":{"_bbp_topic_count":0,"_bbp_reply_count":0,"_bbp_total_topic_count":0,"_bbp_total_reply_count":0,"_bbp_voice_count":0,"_bbp_anonymous_reply_count":0,"_bbp_topic_count_hidden":0,"_bbp_reply_count_hidden":0,"_bbp_forum_subforum_count":0,"footnotes":""},"categories":[8,3,1,29],"tags":[],"class_list":["post-4949","post","type-post","status-publish","format-standard","has-post-thumbnail","hentry","category-batxillerat","category-eso","category-general","category-portada"],"post_mailing_queue_ids":[],"_links":{"self":[{"href":"https:\/\/agora.xtec.cat\/iescalgravat\/wp-json\/wp\/v2\/posts\/4949","targetHints":{"allow":["GET"]}}],"collection":[{"href":"https:\/\/agora.xtec.cat\/iescalgravat\/wp-json\/wp\/v2\/posts"}],"about":[{"href":"https:\/\/agora.xtec.cat\/iescalgravat\/wp-json\/wp\/v2\/types\/post"}],"author":[{"embeddable":true,"href":"https:\/\/agora.xtec.cat\/iescalgravat\/wp-json\/wp\/v2\/users\/1"}],"replies":[{"embeddable":true,"href":"https:\/\/agora.xtec.cat\/iescalgravat\/wp-json\/wp\/v2\/comments?post=4949"}],"version-history":[{"count":3,"href":"https:\/\/agora.xtec.cat\/iescalgravat\/wp-json\/wp\/v2\/posts\/4949\/revisions"}],"predecessor-version":[{"id":4965,"href":"https:\/\/agora.xtec.cat\/iescalgravat\/wp-json\/wp\/v2\/posts\/4949\/revisions\/4965"}],"wp:featuredmedia":[{"embeddable":true,"href":"https:\/\/agora.xtec.cat\/iescalgravat\/wp-json\/wp\/v2\/media\/4950"}],"wp:attachment":[{"href":"https:\/\/agora.xtec.cat\/iescalgravat\/wp-json\/wp\/v2\/media?parent=4949"}],"wp:term":[{"taxonomy":"category","embeddable":true,"href":"https:\/\/agora.xtec.cat\/iescalgravat\/wp-json\/wp\/v2\/categories?post=4949"},{"taxonomy":"post_tag","embeddable":true,"href":"https:\/\/agora.xtec.cat\/iescalgravat\/wp-json\/wp\/v2\/tags?post=4949"}],"curies":[{"name":"wp","href":"https:\/\/api.w.org\/{rel}","templated":true}]}}