{"id":4811,"date":"2022-06-08T21:00:03","date_gmt":"2022-06-08T19:00:03","guid":{"rendered":"https:\/\/agora.xtec.cat\/iescalgravat\/?p=4811"},"modified":"2022-09-01T12:53:54","modified_gmt":"2022-09-01T10:53:54","slug":"vetllada-operistica","status":"publish","type":"post","link":"https:\/\/agora.xtec.cat\/iescalgravat\/general\/vetllada-operistica\/","title":{"rendered":"VETLLADA OPER\u00cdSTICA A L&#8217;INSTITUT"},"content":{"rendered":"<p>El proper <strong>dimecres<\/strong> <strong>15 de juny, a les 19h<\/strong>, l&#8217;alumnat<strong>\u00a0d&#8217;Hist\u00f2ria de l&#8217;Art de 4t d&#8217;ESO<\/strong> oferir\u00e0 una projecci\u00f3 comentada de l&#8217;\u00f2pera<strong> AIDA<\/strong> de Giuseppe Verdi. Una oportunitat per descobrir un dels grans t\u00edtols del repertori oper\u00edstic en una producci\u00f3 del Gran Teatre del Liceu amb escenografies del pintor manres\u00e0 <strong>Josep Mestres Cabanes<\/strong>.<\/p>\n<p><a href=\"https:\/\/agora.xtec.cat\/iescalgravat\/wp-content\/uploads\/usu63\/2022\/06\/Cartell-AIDA_page-0001-1-1-e1654715055177.jpg\"><br \/>\n<img loading=\"lazy\" decoding=\"async\" class=\"aligncenter wp-image-4812\" src=\"https:\/\/agora.xtec.cat\/iescalgravat\/wp-content\/uploads\/usu63\/2022\/06\/Cartell-AIDA_page-0001-1-1-212x300.jpg\" alt=\"\" width=\"275\" height=\"389\" \/><\/a><\/p>\n","protected":false},"excerpt":{"rendered":"<p>El proper dimecres 15 de juny, a les 19h, l&#8217;alumnat\u00a0d&#8217;Hist\u00f2ria de l&#8217;Art de 4t d&#8217;ESO oferir\u00e0 una projecci\u00f3 comentada de l&#8217;\u00f2pera AIDA de Giuseppe Verdi. Una oportunitat per descobrir un dels grans t\u00edtols del repertori oper\u00edstic en una producci\u00f3 del Gran Teatre del Liceu amb&hellip;  <a href=\"https:\/\/agora.xtec.cat\/iescalgravat\/general\/vetllada-operistica\/\" title=\"Read VETLLADA OPER\u00cdSTICA A L&#8217;INSTITUT\">Llegeix m\u00e9s\u00bb<\/a><\/p>\n","protected":false},"author":1,"featured_media":0,"comment_status":"open","ping_status":"closed","sticky":false,"template":"","format":"standard","meta":{"_bbp_topic_count":0,"_bbp_reply_count":0,"_bbp_total_topic_count":0,"_bbp_total_reply_count":0,"_bbp_voice_count":0,"_bbp_anonymous_reply_count":0,"_bbp_topic_count_hidden":0,"_bbp_reply_count_hidden":0,"_bbp_forum_subforum_count":0,"footnotes":""},"categories":[1],"tags":[],"class_list":["post-4811","post","type-post","status-publish","format-standard","hentry","category-general"],"post_mailing_queue_ids":[],"_links":{"self":[{"href":"https:\/\/agora.xtec.cat\/iescalgravat\/wp-json\/wp\/v2\/posts\/4811","targetHints":{"allow":["GET"]}}],"collection":[{"href":"https:\/\/agora.xtec.cat\/iescalgravat\/wp-json\/wp\/v2\/posts"}],"about":[{"href":"https:\/\/agora.xtec.cat\/iescalgravat\/wp-json\/wp\/v2\/types\/post"}],"author":[{"embeddable":true,"href":"https:\/\/agora.xtec.cat\/iescalgravat\/wp-json\/wp\/v2\/users\/1"}],"replies":[{"embeddable":true,"href":"https:\/\/agora.xtec.cat\/iescalgravat\/wp-json\/wp\/v2\/comments?post=4811"}],"version-history":[{"count":3,"href":"https:\/\/agora.xtec.cat\/iescalgravat\/wp-json\/wp\/v2\/posts\/4811\/revisions"}],"predecessor-version":[{"id":4821,"href":"https:\/\/agora.xtec.cat\/iescalgravat\/wp-json\/wp\/v2\/posts\/4811\/revisions\/4821"}],"wp:attachment":[{"href":"https:\/\/agora.xtec.cat\/iescalgravat\/wp-json\/wp\/v2\/media?parent=4811"}],"wp:term":[{"taxonomy":"category","embeddable":true,"href":"https:\/\/agora.xtec.cat\/iescalgravat\/wp-json\/wp\/v2\/categories?post=4811"},{"taxonomy":"post_tag","embeddable":true,"href":"https:\/\/agora.xtec.cat\/iescalgravat\/wp-json\/wp\/v2\/tags?post=4811"}],"curies":[{"name":"wp","href":"https:\/\/api.w.org\/{rel}","templated":true}]}}