{"id":4708,"date":"2022-03-14T18:23:26","date_gmt":"2022-03-14T17:23:26","guid":{"rendered":"https:\/\/agora.xtec.cat\/iescalgravat\/?p=4708"},"modified":"2022-09-01T13:00:20","modified_gmt":"2022-09-01T11:00:20","slug":"portes-obertes-batxillerat-2022","status":"publish","type":"post","link":"https:\/\/agora.xtec.cat\/iescalgravat\/general\/portes-obertes-batxillerat-2022\/","title":{"rendered":"PORTES OBERTES BATXILLERAT 2022"},"content":{"rendered":"<div class=\"elementor-element elementor-element-407093e elementor-widget elementor-widget-text-editor\" data-id=\"407093e\" data-element_type=\"widget\" data-widget_type=\"text-editor.default\">\n<div class=\"elementor-widget-container\">\n<div class=\"elementor-text-editor elementor-clearfix\">\n<p style=\"text-align: justify;\">El dimarts <strong>5 d&#8217;abril a les 6<\/strong> de la tarda es dur\u00e0 a terme la Jornada de Portes Obertes dels estudis de BATXILLERAT de forma presencial a l\u2019Institut Cal Gravat de Manresa.<\/p>\n<p style=\"text-align: justify;\">La visita tindr\u00e0 una durada d&#8217;1 hora aproximadament i constar\u00e0 de:<\/p>\n<p style=\"text-align: justify;\"><a href=\"https:\/\/agora.xtec.cat\/iescalgravat\/wp-content\/uploads\/usu63\/2022\/03\/qr_img.png\"><img loading=\"lazy\" decoding=\"async\" class=\"wp-image-4713 alignleft\" src=\"https:\/\/agora.xtec.cat\/iescalgravat\/wp-content\/uploads\/usu63\/2022\/03\/qr_img.png\" alt=\"\" width=\"214\" height=\"214\" srcset=\"https:\/\/agora.xtec.cat\/iescalgravat\/wp-content\/uploads\/usu63\/2022\/03\/qr_img.png 296w, https:\/\/agora.xtec.cat\/iescalgravat\/wp-content\/uploads\/usu63\/2022\/03\/qr_img-150x150.png 150w\" sizes=\"auto, (max-width: 214px) 100vw, 214px\" \/><\/a>\u2013 <em><strong>Rebuda i xerrada conjunta<\/strong><\/em> per a les fam\u00edlies amb intervencions de direcci\u00f3, coordinaci\u00f3 de Batxillerat i de l\u2019AMPA. (20\u2032)<\/p>\n<p style=\"text-align: justify;\">\u2013 <em><strong>Visita guiada<\/strong><\/em> pel centre\u00a0 (20\u2032)<\/p>\n<p style=\"text-align: justify;\">\u2013 Concreci\u00f3 del <em><strong>treball a una aula de Batxillerat<\/strong><\/em> per part del professorat i alumnat (40\u2032)<\/p>\n<p style=\"text-align: justify;\">Per tal de poder organitzar us preguem respongueu al <a href=\"https:\/\/forms.gle\/DgQqHc5yUgh1u46NA\"><strong>formulari<\/strong><\/a><\/p>\n<\/div>\n<\/div>\n<\/div>\n","protected":false},"excerpt":{"rendered":"<p>El dimarts 5 d&#8217;abril a les 6 de la tarda es dur\u00e0 a terme la Jornada de Portes Obertes dels estudis de BATXILLERAT de forma presencial a l\u2019Institut Cal Gravat de Manresa.<br \/>\nLa visita tindr\u00e0 una durada d&#8217;1 hora aproximadament i constar\u00e0 de:<br \/>\n<a href=\"https:\/\/agora.xtec.cat\/iescalgravat\/wp-content\/uploads\/usu63\/2022\/03\/qr_img.png\"><\/a>\u2013 Rebuda i&hellip;  <a href=\"https:\/\/agora.xtec.cat\/iescalgravat\/general\/portes-obertes-batxillerat-2022\/\" title=\"Read PORTES OBERTES BATXILLERAT 2022\">Llegeix m\u00e9s\u00bb<\/a><\/p>\n","protected":false},"author":1,"featured_media":4202,"comment_status":"open","ping_status":"closed","sticky":false,"template":"","format":"standard","meta":{"_bbp_topic_count":0,"_bbp_reply_count":0,"_bbp_total_topic_count":0,"_bbp_total_reply_count":0,"_bbp_voice_count":0,"_bbp_anonymous_reply_count":0,"_bbp_topic_count_hidden":0,"_bbp_reply_count_hidden":0,"_bbp_forum_subforum_count":0,"footnotes":""},"categories":[8,1],"tags":[],"class_list":["post-4708","post","type-post","status-publish","format-standard","has-post-thumbnail","hentry","category-batxillerat","category-general"],"post_mailing_queue_ids":[],"_links":{"self":[{"href":"https:\/\/agora.xtec.cat\/iescalgravat\/wp-json\/wp\/v2\/posts\/4708","targetHints":{"allow":["GET"]}}],"collection":[{"href":"https:\/\/agora.xtec.cat\/iescalgravat\/wp-json\/wp\/v2\/posts"}],"about":[{"href":"https:\/\/agora.xtec.cat\/iescalgravat\/wp-json\/wp\/v2\/types\/post"}],"author":[{"embeddable":true,"href":"https:\/\/agora.xtec.cat\/iescalgravat\/wp-json\/wp\/v2\/users\/1"}],"replies":[{"embeddable":true,"href":"https:\/\/agora.xtec.cat\/iescalgravat\/wp-json\/wp\/v2\/comments?post=4708"}],"version-history":[{"count":3,"href":"https:\/\/agora.xtec.cat\/iescalgravat\/wp-json\/wp\/v2\/posts\/4708\/revisions"}],"predecessor-version":[{"id":4717,"href":"https:\/\/agora.xtec.cat\/iescalgravat\/wp-json\/wp\/v2\/posts\/4708\/revisions\/4717"}],"wp:featuredmedia":[{"embeddable":true,"href":"https:\/\/agora.xtec.cat\/iescalgravat\/wp-json\/wp\/v2\/media\/4202"}],"wp:attachment":[{"href":"https:\/\/agora.xtec.cat\/iescalgravat\/wp-json\/wp\/v2\/media?parent=4708"}],"wp:term":[{"taxonomy":"category","embeddable":true,"href":"https:\/\/agora.xtec.cat\/iescalgravat\/wp-json\/wp\/v2\/categories?post=4708"},{"taxonomy":"post_tag","embeddable":true,"href":"https:\/\/agora.xtec.cat\/iescalgravat\/wp-json\/wp\/v2\/tags?post=4708"}],"curies":[{"name":"wp","href":"https:\/\/api.w.org\/{rel}","templated":true}]}}