{"id":4539,"date":"2022-03-05T19:40:17","date_gmt":"2022-03-05T18:40:17","guid":{"rendered":"https:\/\/agora.xtec.cat\/iescalgravat\/?p=4539"},"modified":"2023-02-25T21:10:02","modified_gmt":"2023-02-25T20:10:02","slug":"com-fer-la-sol%c2%b7licitud","status":"publish","type":"post","link":"https:\/\/agora.xtec.cat\/iescalgravat\/general\/com-fer-la-sol%c2%b7licitud\/","title":{"rendered":"COM FER LA SOL\u00b7LICITUD"},"content":{"rendered":"<p>La sol\u00b7licitud per la preinscripci\u00f3 s&#8217;ha de fer telem\u00e0tica. Imprescindible <strong>Ordinador, tauleta o tel\u00e8fon m\u00f2bil amb connexi\u00f3 a Internet<\/strong>.<\/p>\n<p style=\"text-align: justify;\">Les fam\u00edlies que no disposen de mitjans electr\u00f2nics poden sol.licitar cita pr\u00e8via\u00a0 a l&#8217;Oficina Municipal d&#8217;Escolaritzaci\u00f3 als Tel.938768338, 938752485, 938752484 o b\u00e9 a l&#8217;enlla\u00e7 <a href=\"http:\/\/www.manresa.cat\/react\/citaprevia\/EDU\">http:\/\/www.manresa.cat\/react\/citaprevia\/EDU<\/a> (Oficina Municipal d&#8217;Escolaritzaci\u00f3)<\/p>\n<p style=\"text-align: justify;\">Per a qualsevol altra consulta relativa a la preinscripci\u00f3 escolar es pot demanar informaci\u00f3 al tel\u00e8fon 938742368 o b\u00e9 al correu del centre.<\/p>\n<p>&#8211; <a href=\"https:\/\/preinscripcio.gencat.cat\/ca\/estudis\/eso\/informat\/prepara-documentacio\/\">Documentaci\u00f3<\/a><\/p>\n<p><iframe loading=\"lazy\" src=\"\/\/www.youtube.com\/embed\/5DvAVUSNLCQ\" width=\"560\" height=\"314\" allowfullscreen=\"allowfullscreen\"><\/iframe><\/p>\n<p>&nbsp;<\/p>\n<p style=\"text-align: justify;\">\n","protected":false},"excerpt":{"rendered":"<p>La sol\u00b7licitud per la preinscripci\u00f3 s&#8217;ha de fer telem\u00e0tica. Imprescindible Ordinador, tauleta o tel\u00e8fon m\u00f2bil amb connexi\u00f3 a Internet.<br \/>\nLes fam\u00edlies que no disposen de mitjans electr\u00f2nics poden sol.licitar cita pr\u00e8via\u00a0 a l&#8217;Oficina Municipal d&#8217;Escolaritzaci\u00f3 als Tel.938768338, 938752485, 938752484 o b\u00e9 a l&#8217;enlla\u00e7 <a href=\"http:\/\/www.manresa.cat\/react\/citaprevia\/EDU\">http:\/\/www.manresa.cat\/react\/citaprevia\/EDU<\/a> (Oficina&hellip;  <a href=\"https:\/\/agora.xtec.cat\/iescalgravat\/general\/com-fer-la-sol%c2%b7licitud\/\" title=\"Read COM FER LA SOL\u00b7LICITUD\">Llegeix m\u00e9s\u00bb<\/a><\/p>\n","protected":false},"author":1,"featured_media":4540,"comment_status":"open","ping_status":"closed","sticky":false,"template":"","format":"standard","meta":{"_bbp_topic_count":0,"_bbp_reply_count":0,"_bbp_total_topic_count":0,"_bbp_total_reply_count":0,"_bbp_voice_count":0,"_bbp_anonymous_reply_count":0,"_bbp_topic_count_hidden":0,"_bbp_reply_count_hidden":0,"_bbp_forum_subforum_count":0,"footnotes":""},"categories":[3,1,140],"tags":[],"class_list":["post-4539","post","type-post","status-publish","format-standard","has-post-thumbnail","hentry","category-eso","category-general","category-secretaria"],"post_mailing_queue_ids":[],"_links":{"self":[{"href":"https:\/\/agora.xtec.cat\/iescalgravat\/wp-json\/wp\/v2\/posts\/4539","targetHints":{"allow":["GET"]}}],"collection":[{"href":"https:\/\/agora.xtec.cat\/iescalgravat\/wp-json\/wp\/v2\/posts"}],"about":[{"href":"https:\/\/agora.xtec.cat\/iescalgravat\/wp-json\/wp\/v2\/types\/post"}],"author":[{"embeddable":true,"href":"https:\/\/agora.xtec.cat\/iescalgravat\/wp-json\/wp\/v2\/users\/1"}],"replies":[{"embeddable":true,"href":"https:\/\/agora.xtec.cat\/iescalgravat\/wp-json\/wp\/v2\/comments?post=4539"}],"version-history":[{"count":2,"href":"https:\/\/agora.xtec.cat\/iescalgravat\/wp-json\/wp\/v2\/posts\/4539\/revisions"}],"predecessor-version":[{"id":5395,"href":"https:\/\/agora.xtec.cat\/iescalgravat\/wp-json\/wp\/v2\/posts\/4539\/revisions\/5395"}],"wp:featuredmedia":[{"embeddable":true,"href":"https:\/\/agora.xtec.cat\/iescalgravat\/wp-json\/wp\/v2\/media\/4540"}],"wp:attachment":[{"href":"https:\/\/agora.xtec.cat\/iescalgravat\/wp-json\/wp\/v2\/media?parent=4539"}],"wp:term":[{"taxonomy":"category","embeddable":true,"href":"https:\/\/agora.xtec.cat\/iescalgravat\/wp-json\/wp\/v2\/categories?post=4539"},{"taxonomy":"post_tag","embeddable":true,"href":"https:\/\/agora.xtec.cat\/iescalgravat\/wp-json\/wp\/v2\/tags?post=4539"}],"curies":[{"name":"wp","href":"https:\/\/api.w.org\/{rel}","templated":true}]}}