{"id":4505,"date":"2022-03-05T18:12:41","date_gmt":"2022-03-05T17:12:41","guid":{"rendered":"https:\/\/agora.xtec.cat\/iescalgravat\/?p=4505"},"modified":"2022-06-10T20:20:59","modified_gmt":"2022-06-10T18:20:59","slug":"13a-olimpiada-geologia","status":"publish","type":"post","link":"https:\/\/agora.xtec.cat\/iescalgravat\/general\/13a-olimpiada-geologia\/","title":{"rendered":"13a. OLIMP\u00cdADA GEOLOGIA"},"content":{"rendered":"<p style=\"text-align: justify;\">El divendres 4 de mar\u00e7 l&#8217;alumnat de 1r i 2n de Batxillerat que imparteix CTMA (Ci\u00e8ncies de la Terra i del Medi Ambient) van participar a la 13a Olimp\u00edada de Geologia que va tenir lloc a l&#8217;UPC de Manresa en la seva fase territorial.<\/p>\n<p style=\"text-align: justify;\">L&#8217;objectiu de l&#8217;Olimp\u00edada \u00e9s b\u00e0sicament animar i implicar els estudiants de batxillerat en el coneixement d\u2019aquesta ci\u00e8ncia, tot remarcant la seva import\u00e0ncia en el m\u00f3n actual i promocionant el seu progr\u00e9s i desenvolupament.<\/p>\n\r\n\t<div class=\"slideshow_container slideshow_container_style-light\" style=\"height: 300px; \" data-slideshow-id=\"4507\" data-style-name=\"style-light\" data-style-version=\"2.3.1\" >\r\n\r\n\t\t\t\t\t<div class=\"slideshow_loading_icon\"><\/div>\r\n\t\t\r\n\t\t<div class=\"slideshow_content\" style=\"display: none;\">\r\n\r\n\t\t\t<div class=\"slideshow_view\">\r\n\t\t\t\t<div class=\"slideshow_slide slideshow_slide_image\">\r\n\t\t\t\t\t\t\t\t\t\t\t<img src=\"https:\/\/agora.xtec.cat\/iescalgravat\/wp-content\/uploads\/usu63\/2022\/03\/92436C00-341D-46DC-8D5F-FBDBF6F721F7.jpg\" alt=\"92436C00-341D-46DC-8D5F-FBDBF6F721F7\" width=\"900\" height=\"506\" \/>\r\n\t\t\t\t\t\t\t\t\t\t<div class=\"slideshow_description_box slideshow_transparent\">\r\n\t\t\t\t\t\t<div class=\"slideshow_title\">92436C00-341D-46DC-8D5F-FBDBF6F721F7<\/div>\t\t\t\t\t\t\t\t\t\t\t<\/div>\r\n\t\t\t\t<\/div>\r\n\r\n\t\t\t\t\t\t<div style=\"clear: both;\"><\/div><\/div><div class=\"slideshow_view\">\r\n\t\t\t\t<div class=\"slideshow_slide slideshow_slide_image\">\r\n\t\t\t\t\t\t\t\t\t\t\t<img src=\"https:\/\/agora.xtec.cat\/iescalgravat\/wp-content\/uploads\/usu63\/2022\/03\/AB2367F7-A759-4A33-87FC-AFFF4F6A3155.jpg\" alt=\"AB2367F7-A759-4A33-87FC-AFFF4F6A3155\" width=\"900\" height=\"506\" \/>\r\n\t\t\t\t\t\t\t\t\t\t<div class=\"slideshow_description_box slideshow_transparent\">\r\n\t\t\t\t\t\t<div class=\"slideshow_title\">AB2367F7-A759-4A33-87FC-AFFF4F6A3155<\/div>\t\t\t\t\t\t\t\t\t\t\t<\/div>\r\n\t\t\t\t<\/div>\r\n\r\n\t\t\t\t\t\t<div style=\"clear: both;\"><\/div><\/div><div class=\"slideshow_view\">\r\n\t\t\t\t<div class=\"slideshow_slide slideshow_slide_image\">\r\n\t\t\t\t\t\t\t\t\t\t\t<img src=\"https:\/\/agora.xtec.cat\/iescalgravat\/wp-content\/uploads\/usu63\/2022\/03\/B4DBC85D-BFCE-40FD-8E4C-2F4F99106697.jpg\" alt=\"B4DBC85D-BFCE-40FD-8E4C-2F4F99106697\" width=\"900\" height=\"506\" \/>\r\n\t\t\t\t\t\t\t\t\t\t<div class=\"slideshow_description_box slideshow_transparent\">\r\n\t\t\t\t\t\t<div class=\"slideshow_title\">B4DBC85D-BFCE-40FD-8E4C-2F4F99106697<\/div>\t\t\t\t\t\t\t\t\t\t\t<\/div>\r\n\t\t\t\t<\/div>\r\n\r\n\t\t\t\t\t\t<div style=\"clear: both;\"><\/div><\/div><div class=\"slideshow_view\">\r\n\t\t\t\t<div class=\"slideshow_slide slideshow_slide_image\">\r\n\t\t\t\t\t\t\t\t\t\t\t<img src=\"https:\/\/agora.xtec.cat\/iescalgravat\/wp-content\/uploads\/usu63\/2022\/03\/1D08D0E6-FB52-4667-94D1-34560478CF12.jpg\" alt=\"1D08D0E6-FB52-4667-94D1-34560478CF12\" width=\"900\" height=\"506\" \/>\r\n\t\t\t\t\t\t\t\t\t\t<div class=\"slideshow_description_box slideshow_transparent\">\r\n\t\t\t\t\t\t<div class=\"slideshow_title\">1D08D0E6-FB52-4667-94D1-34560478CF12<\/div>\t\t\t\t\t\t\t\t\t\t\t<\/div>\r\n\t\t\t\t<\/div>\r\n\r\n\t\t\t\t\t\t<div style=\"clear: both;\"><\/div><\/div><div class=\"slideshow_view\">\r\n\t\t\t\t<div class=\"slideshow_slide slideshow_slide_image\">\r\n\t\t\t\t\t\t\t\t\t\t\t<img src=\"https:\/\/agora.xtec.cat\/iescalgravat\/wp-content\/uploads\/usu63\/2022\/03\/22CDBE2B-E246-41DF-86E0-3944A284B4FF.jpg\" alt=\"22CDBE2B-E246-41DF-86E0-3944A284B4FF\" width=\"900\" height=\"506\" \/>\r\n\t\t\t\t\t\t\t\t\t\t<div class=\"slideshow_description_box slideshow_transparent\">\r\n\t\t\t\t\t\t<div class=\"slideshow_title\">22CDBE2B-E246-41DF-86E0-3944A284B4FF<\/div>\t\t\t\t\t\t\t\t\t\t\t<\/div>\r\n\t\t\t\t<\/div>\r\n\r\n\t\t\t\t\t\t<div style=\"clear: both;\"><\/div><\/div><div class=\"slideshow_view\">\r\n\t\t\t\t<div class=\"slideshow_slide slideshow_slide_image\">\r\n\t\t\t\t\t\t\t\t\t\t\t<img src=\"https:\/\/agora.xtec.cat\/iescalgravat\/wp-content\/uploads\/usu63\/2022\/03\/5A8861F1-F85D-45A3-BBA2-564CCB84AAE9.jpg\" alt=\"5A8861F1-F85D-45A3-BBA2-564CCB84AAE9\" width=\"900\" height=\"506\" \/>\r\n\t\t\t\t\t\t\t\t\t\t<div class=\"slideshow_description_box slideshow_transparent\">\r\n\t\t\t\t\t\t<div class=\"slideshow_title\">5A8861F1-F85D-45A3-BBA2-564CCB84AAE9<\/div>\t\t\t\t\t\t\t\t\t\t\t<\/div>\r\n\t\t\t\t<\/div>\r\n\r\n\t\t\t\t\t\t<div style=\"clear: both;\"><\/div><\/div>\r\n\t\t<\/div>\r\n\r\n\t\t<div class=\"slideshow_controlPanel slideshow_transparent\" style=\"display: none;\"><ul><li class=\"slideshow_togglePlay\" data-play-text=\"Visualitza\" data-pause-text=\"Pausa\"><\/li><\/ul><\/div>\r\n\r\n\t\t<div class=\"slideshow_button slideshow_previous slideshow_transparent\" role=\"button\" data-previous-text=\"Anterior\" style=\"display: none;\"><\/div>\r\n\t\t<div class=\"slideshow_button slideshow_next slideshow_transparent\" role=\"button\" data-next-text=\"Seg\u00fcent\" style=\"display: none;\"><\/div>\r\n\r\n\t\t<div class=\"slideshow_pagination\" style=\"display: none;\" data-go-to-text=\"V\u00e9s a la diapositiva\"><div class=\"slideshow_pagination_center\"><\/div><\/div>\r\n\r\n\t\t<!-- WordPress Slideshow Version 2.3.1 -->\r\n\r\n\t\t\t<\/div>\r\n\r\n\n<p>&nbsp;<\/p>\n","protected":false},"excerpt":{"rendered":"<p>El divendres 4 de mar\u00e7 l&#8217;alumnat de 1r i 2n de Batxillerat que imparteix CTMA (Ci\u00e8ncies de la Terra i del Medi Ambient) van participar a la 13a Olimp\u00edada de Geologia que va tenir lloc a l&#8217;UPC de Manresa en la seva fase territorial.<br \/>\nL&#8217;objectiu de&hellip;  <a href=\"https:\/\/agora.xtec.cat\/iescalgravat\/general\/13a-olimpiada-geologia\/\" title=\"Read 13a. OLIMP\u00cdADA GEOLOGIA\">Llegeix m\u00e9s\u00bb<\/a><\/p>\n","protected":false},"author":1,"featured_media":4509,"comment_status":"open","ping_status":"closed","sticky":false,"template":"","format":"standard","meta":{"_bbp_topic_count":0,"_bbp_reply_count":0,"_bbp_total_topic_count":0,"_bbp_total_reply_count":0,"_bbp_voice_count":0,"_bbp_anonymous_reply_count":0,"_bbp_topic_count_hidden":0,"_bbp_reply_count_hidden":0,"_bbp_forum_subforum_count":0,"footnotes":""},"categories":[8,1],"tags":[],"class_list":["post-4505","post","type-post","status-publish","format-standard","has-post-thumbnail","hentry","category-batxillerat","category-general"],"post_mailing_queue_ids":[],"_links":{"self":[{"href":"https:\/\/agora.xtec.cat\/iescalgravat\/wp-json\/wp\/v2\/posts\/4505","targetHints":{"allow":["GET"]}}],"collection":[{"href":"https:\/\/agora.xtec.cat\/iescalgravat\/wp-json\/wp\/v2\/posts"}],"about":[{"href":"https:\/\/agora.xtec.cat\/iescalgravat\/wp-json\/wp\/v2\/types\/post"}],"author":[{"embeddable":true,"href":"https:\/\/agora.xtec.cat\/iescalgravat\/wp-json\/wp\/v2\/users\/1"}],"replies":[{"embeddable":true,"href":"https:\/\/agora.xtec.cat\/iescalgravat\/wp-json\/wp\/v2\/comments?post=4505"}],"version-history":[{"count":2,"href":"https:\/\/agora.xtec.cat\/iescalgravat\/wp-json\/wp\/v2\/posts\/4505\/revisions"}],"predecessor-version":[{"id":4514,"href":"https:\/\/agora.xtec.cat\/iescalgravat\/wp-json\/wp\/v2\/posts\/4505\/revisions\/4514"}],"wp:featuredmedia":[{"embeddable":true,"href":"https:\/\/agora.xtec.cat\/iescalgravat\/wp-json\/wp\/v2\/media\/4509"}],"wp:attachment":[{"href":"https:\/\/agora.xtec.cat\/iescalgravat\/wp-json\/wp\/v2\/media?parent=4505"}],"wp:term":[{"taxonomy":"category","embeddable":true,"href":"https:\/\/agora.xtec.cat\/iescalgravat\/wp-json\/wp\/v2\/categories?post=4505"},{"taxonomy":"post_tag","embeddable":true,"href":"https:\/\/agora.xtec.cat\/iescalgravat\/wp-json\/wp\/v2\/tags?post=4505"}],"curies":[{"name":"wp","href":"https:\/\/api.w.org\/{rel}","templated":true}]}}