{"id":4447,"date":"2022-02-26T09:15:21","date_gmt":"2022-02-26T08:15:21","guid":{"rendered":"https:\/\/agora.xtec.cat\/iescalgravat\/?p=4447"},"modified":"2022-06-10T20:22:45","modified_gmt":"2022-06-10T18:22:45","slug":"assaig-opera-pelleasmelisande-al-liceu","status":"publish","type":"post","link":"https:\/\/agora.xtec.cat\/iescalgravat\/general\/assaig-opera-pelleasmelisande-al-liceu\/","title":{"rendered":"ASSAIG \u00d2PERA &#8220;PELLEAS&#038;MELISANDE&#8221; AL LICEU"},"content":{"rendered":"<h5 style=\"text-align: justify;\">L&#8217;alumnat de 4t d&#8217;ESO d&#8217;Hist\u00f2ria de l&#8217;Art ha assistit al Gran Teatre del Liceu de Barcelona per veure la representaci\u00f3 oper\u00edstica de l&#8217;assaig de l&#8217;\u00f2pera &#8220;Pelleas &amp; Melisande&#8221; de C. Debussy.<\/h5>\n<div><\/div>\n<div>\n<table style=\"border-collapse: collapse; width: 100%;\">\n<tbody>\n<tr>\n<td style=\"width: 50%;\"><a href=\"https:\/\/agora.xtec.cat\/iescalgravat\/wp-content\/uploads\/usu63\/2022\/02\/0e5ff001-2e53-4937-9a7d-4b498b72ef37.jpg\"><img loading=\"lazy\" decoding=\"async\" class=\"aligncenter size-full wp-image-4448\" src=\"https:\/\/agora.xtec.cat\/iescalgravat\/wp-content\/uploads\/usu63\/2022\/02\/0e5ff001-2e53-4937-9a7d-4b498b72ef37.jpg\" alt=\"\" width=\"2000\" height=\"1500\" srcset=\"https:\/\/agora.xtec.cat\/iescalgravat\/wp-content\/uploads\/usu63\/2022\/02\/0e5ff001-2e53-4937-9a7d-4b498b72ef37.jpg 2000w, https:\/\/agora.xtec.cat\/iescalgravat\/wp-content\/uploads\/usu63\/2022\/02\/0e5ff001-2e53-4937-9a7d-4b498b72ef37-300x225.jpg 300w, https:\/\/agora.xtec.cat\/iescalgravat\/wp-content\/uploads\/usu63\/2022\/02\/0e5ff001-2e53-4937-9a7d-4b498b72ef37-1024x768.jpg 1024w, https:\/\/agora.xtec.cat\/iescalgravat\/wp-content\/uploads\/usu63\/2022\/02\/0e5ff001-2e53-4937-9a7d-4b498b72ef37-768x576.jpg 768w, https:\/\/agora.xtec.cat\/iescalgravat\/wp-content\/uploads\/usu63\/2022\/02\/0e5ff001-2e53-4937-9a7d-4b498b72ef37-1536x1152.jpg 1536w, https:\/\/agora.xtec.cat\/iescalgravat\/wp-content\/uploads\/usu63\/2022\/02\/0e5ff001-2e53-4937-9a7d-4b498b72ef37-200x150.jpg 200w\" sizes=\"auto, (max-width: 2000px) 100vw, 2000px\" \/><\/a><\/td>\n<td style=\"width: 50%;\"><a href=\"https:\/\/agora.xtec.cat\/iescalgravat\/wp-content\/uploads\/usu63\/2022\/02\/8b000b3c-83a0-43ee-9d2e-4da78b744369.jpg\"><img loading=\"lazy\" decoding=\"async\" class=\"aligncenter size-full wp-image-4449\" src=\"https:\/\/agora.xtec.cat\/iescalgravat\/wp-content\/uploads\/usu63\/2022\/02\/8b000b3c-83a0-43ee-9d2e-4da78b744369.jpg\" alt=\"\" width=\"2000\" height=\"1500\" srcset=\"https:\/\/agora.xtec.cat\/iescalgravat\/wp-content\/uploads\/usu63\/2022\/02\/8b000b3c-83a0-43ee-9d2e-4da78b744369.jpg 2000w, https:\/\/agora.xtec.cat\/iescalgravat\/wp-content\/uploads\/usu63\/2022\/02\/8b000b3c-83a0-43ee-9d2e-4da78b744369-300x225.jpg 300w, https:\/\/agora.xtec.cat\/iescalgravat\/wp-content\/uploads\/usu63\/2022\/02\/8b000b3c-83a0-43ee-9d2e-4da78b744369-1024x768.jpg 1024w, https:\/\/agora.xtec.cat\/iescalgravat\/wp-content\/uploads\/usu63\/2022\/02\/8b000b3c-83a0-43ee-9d2e-4da78b744369-768x576.jpg 768w, https:\/\/agora.xtec.cat\/iescalgravat\/wp-content\/uploads\/usu63\/2022\/02\/8b000b3c-83a0-43ee-9d2e-4da78b744369-1536x1152.jpg 1536w, https:\/\/agora.xtec.cat\/iescalgravat\/wp-content\/uploads\/usu63\/2022\/02\/8b000b3c-83a0-43ee-9d2e-4da78b744369-200x150.jpg 200w\" sizes=\"auto, (max-width: 2000px) 100vw, 2000px\" \/><\/a><\/td>\n<\/tr>\n<\/tbody>\n<\/table>\n<\/div>\n<h5>Un cop acabada l&#8217;\u00f2pera han continuat amb una ruta pel barri g\u00f2tic de Barcelona.<\/h5>\n<div>\n<div><\/div>\n<\/div>\n<div><\/div>\n","protected":false},"excerpt":{"rendered":"<p>L&#8217;alumnat de 4t d&#8217;ESO d&#8217;Hist\u00f2ria de l&#8217;Art ha assistit al Gran Teatre del Liceu de Barcelona per veure la representaci\u00f3 oper\u00edstica de l&#8217;assaig de l&#8217;\u00f2pera &#8220;Pelleas &amp; Melisande&#8221; de C. Debussy.<\/p>\n<p><a href=\"https:\/\/agora.xtec.cat\/iescalgravat\/wp-content\/uploads\/usu63\/2022\/02\/0e5ff001-2e53-4937-9a7d-4b498b72ef37.jpg\"><\/a><br \/>\n<a href=\"https:\/\/agora.xtec.cat\/iescalgravat\/wp-content\/uploads\/usu63\/2022\/02\/8b000b3c-83a0-43ee-9d2e-4da78b744369.jpg\"><\/a><\/p>\n<p>Un cop acabada l&#8217;\u00f2pera han continuat amb una ruta pel barri g\u00f2tic de&hellip;  <a href=\"https:\/\/agora.xtec.cat\/iescalgravat\/general\/assaig-opera-pelleasmelisande-al-liceu\/\" title=\"Read ASSAIG \u00d2PERA &#8220;PELLEAS&#038;MELISANDE&#8221; AL LICEU\">Llegeix m\u00e9s\u00bb<\/a><\/p>\n","protected":false},"author":1,"featured_media":4448,"comment_status":"open","ping_status":"closed","sticky":false,"template":"","format":"standard","meta":{"_bbp_topic_count":0,"_bbp_reply_count":0,"_bbp_total_topic_count":0,"_bbp_total_reply_count":0,"_bbp_voice_count":0,"_bbp_anonymous_reply_count":0,"_bbp_topic_count_hidden":0,"_bbp_reply_count_hidden":0,"_bbp_forum_subforum_count":0,"footnotes":""},"categories":[3,7,1],"tags":[],"class_list":["post-4447","post","type-post","status-publish","format-standard","has-post-thumbnail","hentry","category-eso","category-eso-4","category-general"],"post_mailing_queue_ids":[],"_links":{"self":[{"href":"https:\/\/agora.xtec.cat\/iescalgravat\/wp-json\/wp\/v2\/posts\/4447","targetHints":{"allow":["GET"]}}],"collection":[{"href":"https:\/\/agora.xtec.cat\/iescalgravat\/wp-json\/wp\/v2\/posts"}],"about":[{"href":"https:\/\/agora.xtec.cat\/iescalgravat\/wp-json\/wp\/v2\/types\/post"}],"author":[{"embeddable":true,"href":"https:\/\/agora.xtec.cat\/iescalgravat\/wp-json\/wp\/v2\/users\/1"}],"replies":[{"embeddable":true,"href":"https:\/\/agora.xtec.cat\/iescalgravat\/wp-json\/wp\/v2\/comments?post=4447"}],"version-history":[{"count":3,"href":"https:\/\/agora.xtec.cat\/iescalgravat\/wp-json\/wp\/v2\/posts\/4447\/revisions"}],"predecessor-version":[{"id":4452,"href":"https:\/\/agora.xtec.cat\/iescalgravat\/wp-json\/wp\/v2\/posts\/4447\/revisions\/4452"}],"wp:featuredmedia":[{"embeddable":true,"href":"https:\/\/agora.xtec.cat\/iescalgravat\/wp-json\/wp\/v2\/media\/4448"}],"wp:attachment":[{"href":"https:\/\/agora.xtec.cat\/iescalgravat\/wp-json\/wp\/v2\/media?parent=4447"}],"wp:term":[{"taxonomy":"category","embeddable":true,"href":"https:\/\/agora.xtec.cat\/iescalgravat\/wp-json\/wp\/v2\/categories?post=4447"},{"taxonomy":"post_tag","embeddable":true,"href":"https:\/\/agora.xtec.cat\/iescalgravat\/wp-json\/wp\/v2\/tags?post=4447"}],"curies":[{"name":"wp","href":"https:\/\/api.w.org\/{rel}","templated":true}]}}