{"id":4433,"date":"2022-02-14T23:18:17","date_gmt":"2022-02-14T22:18:17","guid":{"rendered":"https:\/\/agora.xtec.cat\/iescalgravat\/?p=4433"},"modified":"2022-06-10T20:24:03","modified_gmt":"2022-06-10T18:24:03","slug":"participem-en-7demates","status":"publish","type":"post","link":"https:\/\/agora.xtec.cat\/iescalgravat\/general\/participem-en-7demates\/","title":{"rendered":"PARTICIPEM EN 7DEMATES"},"content":{"rendered":"<p style=\"text-align: justify;\">Dues alumnes de 2n d&#8217;ESO, la Laura Soler i la Bruna P\u00e9rez, aquest curs participen a les sessions del 7demates que es realitzen els dissabtes al mat\u00ed a la UPC de Manresa. El passat dissabte 12 de febrer, abans de les sessions van dedicar #referentsfemenins en motiu del dia de la dona i la nena a la ci\u00e8ncia i al llarg del mat\u00ed van treballar les probabilitats des de diferents punts de vista.<\/p>\n<table style=\"border-collapse: collapse; width: 100%;\">\n<tbody>\n<tr>\n<td style=\"width: 38.1088%;\"><a href=\"https:\/\/agora.xtec.cat\/iescalgravat\/wp-content\/uploads\/usu63\/2022\/02\/FLZdPrYXsAQVnpf.jpg\"><img loading=\"lazy\" decoding=\"async\" class=\"aligncenter wp-image-4435\" src=\"https:\/\/agora.xtec.cat\/iescalgravat\/wp-content\/uploads\/usu63\/2022\/02\/FLZdPrYXsAQVnpf.jpg\" alt=\"\" width=\"432\" height=\"523\" srcset=\"https:\/\/agora.xtec.cat\/iescalgravat\/wp-content\/uploads\/usu63\/2022\/02\/FLZdPrYXsAQVnpf.jpg 1691w, https:\/\/agora.xtec.cat\/iescalgravat\/wp-content\/uploads\/usu63\/2022\/02\/FLZdPrYXsAQVnpf-248x300.jpg 248w, https:\/\/agora.xtec.cat\/iescalgravat\/wp-content\/uploads\/usu63\/2022\/02\/FLZdPrYXsAQVnpf-846x1024.jpg 846w, https:\/\/agora.xtec.cat\/iescalgravat\/wp-content\/uploads\/usu63\/2022\/02\/FLZdPrYXsAQVnpf-768x930.jpg 768w, https:\/\/agora.xtec.cat\/iescalgravat\/wp-content\/uploads\/usu63\/2022\/02\/FLZdPrYXsAQVnpf-1268x1536.jpg 1268w\" sizes=\"auto, (max-width: 432px) 100vw, 432px\" \/><\/a><\/td>\n<td style=\"width: 61.8912%;\"><a href=\"https:\/\/agora.xtec.cat\/iescalgravat\/wp-content\/uploads\/usu63\/2022\/02\/FLZdPrmX0AQ_Lhd.jpg\"><img loading=\"lazy\" decoding=\"async\" class=\"aligncenter wp-image-4434\" src=\"https:\/\/agora.xtec.cat\/iescalgravat\/wp-content\/uploads\/usu63\/2022\/02\/FLZdPrmX0AQ_Lhd.jpg\" alt=\"\" width=\"694\" height=\"521\" srcset=\"https:\/\/agora.xtec.cat\/iescalgravat\/wp-content\/uploads\/usu63\/2022\/02\/FLZdPrmX0AQ_Lhd.jpg 2048w, https:\/\/agora.xtec.cat\/iescalgravat\/wp-content\/uploads\/usu63\/2022\/02\/FLZdPrmX0AQ_Lhd-300x225.jpg 300w, https:\/\/agora.xtec.cat\/iescalgravat\/wp-content\/uploads\/usu63\/2022\/02\/FLZdPrmX0AQ_Lhd-1024x768.jpg 1024w, https:\/\/agora.xtec.cat\/iescalgravat\/wp-content\/uploads\/usu63\/2022\/02\/FLZdPrmX0AQ_Lhd-768x576.jpg 768w, https:\/\/agora.xtec.cat\/iescalgravat\/wp-content\/uploads\/usu63\/2022\/02\/FLZdPrmX0AQ_Lhd-1536x1152.jpg 1536w, https:\/\/agora.xtec.cat\/iescalgravat\/wp-content\/uploads\/usu63\/2022\/02\/FLZdPrmX0AQ_Lhd-200x150.jpg 200w\" sizes=\"auto, (max-width: 694px) 100vw, 694px\" \/><\/a><\/td>\n<\/tr>\n<\/tbody>\n<\/table>\n<p style=\"text-align: justify;\">El projecte\u00a0t\u00e9 el suport de la Societat Catalana de Matem\u00e0tiques, les associacions de professorat de matem\u00e0tiques (Abeam, \u2026), la Fundaci\u00f3 Cellex i l\u2019Escola Polit\u00e8cnica Superior d\u2019Enginyeria de Manresa (UPC Manresa).<\/p>\n","protected":false},"excerpt":{"rendered":"<p>Dues alumnes de 2n d&#8217;ESO, la Laura Soler i la Bruna P\u00e9rez, aquest curs participen a les sessions del 7demates que es realitzen els dissabtes al mat\u00ed a la UPC de Manresa. El passat dissabte 12 de febrer, abans de les sessions van dedicar #referentsfemenins&hellip;  <a href=\"https:\/\/agora.xtec.cat\/iescalgravat\/general\/participem-en-7demates\/\" title=\"Read PARTICIPEM EN 7DEMATES\">Llegeix m\u00e9s\u00bb<\/a><\/p>\n","protected":false},"author":1,"featured_media":0,"comment_status":"open","ping_status":"closed","sticky":false,"template":"","format":"standard","meta":{"_bbp_topic_count":0,"_bbp_reply_count":0,"_bbp_total_topic_count":0,"_bbp_total_reply_count":0,"_bbp_voice_count":0,"_bbp_anonymous_reply_count":0,"_bbp_topic_count_hidden":0,"_bbp_reply_count_hidden":0,"_bbp_forum_subforum_count":0,"footnotes":""},"categories":[5,1],"tags":[],"class_list":["post-4433","post","type-post","status-publish","format-standard","hentry","category-eso-2","category-general"],"post_mailing_queue_ids":[],"_links":{"self":[{"href":"https:\/\/agora.xtec.cat\/iescalgravat\/wp-json\/wp\/v2\/posts\/4433","targetHints":{"allow":["GET"]}}],"collection":[{"href":"https:\/\/agora.xtec.cat\/iescalgravat\/wp-json\/wp\/v2\/posts"}],"about":[{"href":"https:\/\/agora.xtec.cat\/iescalgravat\/wp-json\/wp\/v2\/types\/post"}],"author":[{"embeddable":true,"href":"https:\/\/agora.xtec.cat\/iescalgravat\/wp-json\/wp\/v2\/users\/1"}],"replies":[{"embeddable":true,"href":"https:\/\/agora.xtec.cat\/iescalgravat\/wp-json\/wp\/v2\/comments?post=4433"}],"version-history":[{"count":2,"href":"https:\/\/agora.xtec.cat\/iescalgravat\/wp-json\/wp\/v2\/posts\/4433\/revisions"}],"predecessor-version":[{"id":4438,"href":"https:\/\/agora.xtec.cat\/iescalgravat\/wp-json\/wp\/v2\/posts\/4433\/revisions\/4438"}],"wp:attachment":[{"href":"https:\/\/agora.xtec.cat\/iescalgravat\/wp-json\/wp\/v2\/media?parent=4433"}],"wp:term":[{"taxonomy":"category","embeddable":true,"href":"https:\/\/agora.xtec.cat\/iescalgravat\/wp-json\/wp\/v2\/categories?post=4433"},{"taxonomy":"post_tag","embeddable":true,"href":"https:\/\/agora.xtec.cat\/iescalgravat\/wp-json\/wp\/v2\/tags?post=4433"}],"curies":[{"name":"wp","href":"https:\/\/api.w.org\/{rel}","templated":true}]}}