{"id":4404,"date":"2022-02-11T19:55:56","date_gmt":"2022-02-11T18:55:56","guid":{"rendered":"https:\/\/agora.xtec.cat\/iescalgravat\/?p=4404"},"modified":"2022-03-29T14:12:34","modified_gmt":"2022-03-29T12:12:34","slug":"portes-obertes-eso-2022","status":"publish","type":"post","link":"https:\/\/agora.xtec.cat\/iescalgravat\/general\/portes-obertes-eso-2022\/","title":{"rendered":"PORTES OBERTES ESO 2022"},"content":{"rendered":"<div class=\"elementor-element elementor-element-407093e elementor-widget elementor-widget-text-editor\" data-id=\"407093e\" data-element_type=\"widget\" data-widget_type=\"text-editor.default\">\n<div class=\"elementor-widget-container\">\n<div class=\"elementor-text-editor elementor-clearfix\">\n<p style=\"text-align: justify;\">El dimecres <strong>9 de mar\u00e7 <\/strong>es dur\u00e0 a terme la Jornada de Portes Obertes d&#8217;ESO presencials a l&#8217;Institut Cal Gravat de Manresa<\/p>\n<p style=\"text-align: justify;\">Per tal de facilitar l&#8217;assist\u00e8ncia de les fam\u00edlies, la jornada tindr\u00e0 dos torns: a les <strong>17:30<\/strong><strong>h el primer torn<\/strong>\u00a0i a les\u00a0<strong>18:30h el segon torn<\/strong>.<\/p>\n<p style=\"text-align: justify;\">L&#8217;estructura de la visita de cada torn ser\u00e0 la mateixa, durar\u00e0 aproximadament una hora i constar\u00e0 de:<\/p>\n<p style=\"text-align: justify;\">&#8211; Rebuda\u00a0 i xerrada conjunta per a les fam\u00edlies amb intervencions de direcci\u00f3, coordinaci\u00f3 pedag\u00f2gica i de l&#8217;AMPA. (20&#8242;)<\/p>\n<p style=\"text-align: justify;\">&#8211; Visita guiada pel centre\u00a0 (20&#8242;)<\/p>\n<p style=\"text-align: justify;\">&#8211; Concreci\u00f3 del treball a una aula de 1r ESO per part del professorat i alumnat (40&#8242;)<\/p>\n<\/div>\n<\/div>\n<\/div>\n","protected":false},"excerpt":{"rendered":"<p>El dimecres 9 de mar\u00e7 es dur\u00e0 a terme la Jornada de Portes Obertes d&#8217;ESO presencials a l&#8217;Institut Cal Gravat de Manresa<br \/>\nPer tal de facilitar l&#8217;assist\u00e8ncia de les fam\u00edlies, la jornada tindr\u00e0 dos torns: a les 17:30h el primer torn\u00a0i a les\u00a018:30h el segon torn.<br \/>\nL&#8217;estructura&hellip;  <a href=\"https:\/\/agora.xtec.cat\/iescalgravat\/general\/portes-obertes-eso-2022\/\" title=\"Read PORTES OBERTES ESO 2022\">Llegeix m\u00e9s\u00bb<\/a><\/p>\n","protected":false},"author":1,"featured_media":3858,"comment_status":"open","ping_status":"closed","sticky":false,"template":"","format":"standard","meta":{"_bbp_topic_count":0,"_bbp_reply_count":0,"_bbp_total_topic_count":0,"_bbp_total_reply_count":0,"_bbp_voice_count":0,"_bbp_anonymous_reply_count":0,"_bbp_topic_count_hidden":0,"_bbp_reply_count_hidden":0,"_bbp_forum_subforum_count":0,"footnotes":""},"categories":[31,3,1],"tags":[],"class_list":["post-4404","post","type-post","status-publish","format-standard","has-post-thumbnail","hentry","category-ampa","category-eso","category-general"],"post_mailing_queue_ids":[],"_links":{"self":[{"href":"https:\/\/agora.xtec.cat\/iescalgravat\/wp-json\/wp\/v2\/posts\/4404","targetHints":{"allow":["GET"]}}],"collection":[{"href":"https:\/\/agora.xtec.cat\/iescalgravat\/wp-json\/wp\/v2\/posts"}],"about":[{"href":"https:\/\/agora.xtec.cat\/iescalgravat\/wp-json\/wp\/v2\/types\/post"}],"author":[{"embeddable":true,"href":"https:\/\/agora.xtec.cat\/iescalgravat\/wp-json\/wp\/v2\/users\/1"}],"replies":[{"embeddable":true,"href":"https:\/\/agora.xtec.cat\/iescalgravat\/wp-json\/wp\/v2\/comments?post=4404"}],"version-history":[{"count":4,"href":"https:\/\/agora.xtec.cat\/iescalgravat\/wp-json\/wp\/v2\/posts\/4404\/revisions"}],"predecessor-version":[{"id":4681,"href":"https:\/\/agora.xtec.cat\/iescalgravat\/wp-json\/wp\/v2\/posts\/4404\/revisions\/4681"}],"wp:featuredmedia":[{"embeddable":true,"href":"https:\/\/agora.xtec.cat\/iescalgravat\/wp-json\/wp\/v2\/media\/3858"}],"wp:attachment":[{"href":"https:\/\/agora.xtec.cat\/iescalgravat\/wp-json\/wp\/v2\/media?parent=4404"}],"wp:term":[{"taxonomy":"category","embeddable":true,"href":"https:\/\/agora.xtec.cat\/iescalgravat\/wp-json\/wp\/v2\/categories?post=4404"},{"taxonomy":"post_tag","embeddable":true,"href":"https:\/\/agora.xtec.cat\/iescalgravat\/wp-json\/wp\/v2\/tags?post=4404"}],"curies":[{"name":"wp","href":"https:\/\/api.w.org\/{rel}","templated":true}]}}