{"id":4327,"date":"2021-11-24T10:12:00","date_gmt":"2021-11-24T09:12:00","guid":{"rendered":"https:\/\/agora.xtec.cat\/iescalgravat\/?p=4327"},"modified":"2022-03-29T14:09:37","modified_gmt":"2022-03-29T12:09:37","slug":"dia-contra-la-violencia-de-genere-2","status":"publish","type":"post","link":"https:\/\/agora.xtec.cat\/iescalgravat\/general\/dia-contra-la-violencia-de-genere-2\/","title":{"rendered":"DIA CONTRA LA VIOL\u00c8NCIA DE G\u00c8NERE"},"content":{"rendered":"<p>Com a commemoraci\u00f3 del 25 de novembre, el centre ha elaborat un manifest en v\u00eddeo i l&#8217;alumnat de Batxillerat ha muntat una\u00a0 exposici\u00f3 al vest\u00edbul.<\/p>\n<p><a href=\"https:\/\/agora.xtec.cat\/iescalgravat\/wp-content\/uploads\/usu63\/2021\/11\/IMG_20211123_141231_opt.jpg\"><img loading=\"lazy\" decoding=\"async\" class=\"aligncenter size-full wp-image-4328\" src=\"https:\/\/agora.xtec.cat\/iescalgravat\/wp-content\/uploads\/usu63\/2021\/11\/IMG_20211123_141231_opt.jpg\" alt=\"\" width=\"400\" height=\"300\" srcset=\"https:\/\/agora.xtec.cat\/iescalgravat\/wp-content\/uploads\/usu63\/2021\/11\/IMG_20211123_141231_opt.jpg 400w, https:\/\/agora.xtec.cat\/iescalgravat\/wp-content\/uploads\/usu63\/2021\/11\/IMG_20211123_141231_opt-300x225.jpg 300w, https:\/\/agora.xtec.cat\/iescalgravat\/wp-content\/uploads\/usu63\/2021\/11\/IMG_20211123_141231_opt-200x150.jpg 200w\" sizes=\"auto, (max-width: 400px) 100vw, 400px\" \/><\/a><\/p>\n<h1 style=\"text-align: center;\"><a href=\"https:\/\/drive.google.com\/file\/d\/1bQAtzeJNb5U0I4gCNQxOdCdV0v8vJPpl\/view\" target=\"_blank\" rel=\"noopener\">V\u00eddeo manifest<\/a><\/h1>\n","protected":false},"excerpt":{"rendered":"<p>Com a commemoraci\u00f3 del 25 de novembre, el centre ha elaborat un manifest en v\u00eddeo i l&#8217;alumnat de Batxillerat ha muntat una\u00a0 exposici\u00f3 al vest\u00edbul.<br \/>\n<a href=\"https:\/\/agora.xtec.cat\/iescalgravat\/wp-content\/uploads\/usu63\/2021\/11\/IMG_20211123_141231_opt.jpg\"><\/a><br \/>\n<a href=\"https:\/\/drive.google.com\/file\/d\/1bQAtzeJNb5U0I4gCNQxOdCdV0v8vJPpl\/view\" target=\"_blank\" rel=\"noopener\">V\u00eddeo manifest<\/a><\/p>\n","protected":false},"author":1,"featured_media":4328,"comment_status":"open","ping_status":"closed","sticky":false,"template":"","format":"standard","meta":{"_bbp_topic_count":0,"_bbp_reply_count":0,"_bbp_total_topic_count":0,"_bbp_total_reply_count":0,"_bbp_voice_count":0,"_bbp_anonymous_reply_count":0,"_bbp_topic_count_hidden":0,"_bbp_reply_count_hidden":0,"_bbp_forum_subforum_count":0,"footnotes":""},"categories":[8,1],"tags":[],"class_list":["post-4327","post","type-post","status-publish","format-standard","has-post-thumbnail","hentry","category-batxillerat","category-general"],"post_mailing_queue_ids":[],"_links":{"self":[{"href":"https:\/\/agora.xtec.cat\/iescalgravat\/wp-json\/wp\/v2\/posts\/4327","targetHints":{"allow":["GET"]}}],"collection":[{"href":"https:\/\/agora.xtec.cat\/iescalgravat\/wp-json\/wp\/v2\/posts"}],"about":[{"href":"https:\/\/agora.xtec.cat\/iescalgravat\/wp-json\/wp\/v2\/types\/post"}],"author":[{"embeddable":true,"href":"https:\/\/agora.xtec.cat\/iescalgravat\/wp-json\/wp\/v2\/users\/1"}],"replies":[{"embeddable":true,"href":"https:\/\/agora.xtec.cat\/iescalgravat\/wp-json\/wp\/v2\/comments?post=4327"}],"version-history":[{"count":3,"href":"https:\/\/agora.xtec.cat\/iescalgravat\/wp-json\/wp\/v2\/posts\/4327\/revisions"}],"predecessor-version":[{"id":4332,"href":"https:\/\/agora.xtec.cat\/iescalgravat\/wp-json\/wp\/v2\/posts\/4327\/revisions\/4332"}],"wp:featuredmedia":[{"embeddable":true,"href":"https:\/\/agora.xtec.cat\/iescalgravat\/wp-json\/wp\/v2\/media\/4328"}],"wp:attachment":[{"href":"https:\/\/agora.xtec.cat\/iescalgravat\/wp-json\/wp\/v2\/media?parent=4327"}],"wp:term":[{"taxonomy":"category","embeddable":true,"href":"https:\/\/agora.xtec.cat\/iescalgravat\/wp-json\/wp\/v2\/categories?post=4327"},{"taxonomy":"post_tag","embeddable":true,"href":"https:\/\/agora.xtec.cat\/iescalgravat\/wp-json\/wp\/v2\/tags?post=4327"}],"curies":[{"name":"wp","href":"https:\/\/api.w.org\/{rel}","templated":true}]}}