{"id":4319,"date":"2021-11-22T17:47:25","date_gmt":"2021-11-22T16:47:25","guid":{"rendered":"https:\/\/agora.xtec.cat\/iescalgravat\/?p=4319"},"modified":"2022-03-29T14:09:14","modified_gmt":"2022-03-29T12:09:14","slug":"commemoracio-de-santa-cecilia-patrona-de-la-musica","status":"publish","type":"post","link":"https:\/\/agora.xtec.cat\/iescalgravat\/general\/commemoracio-de-santa-cecilia-patrona-de-la-musica\/","title":{"rendered":"COMMEMORACI\u00d3 DE SANTA CEC\u00cdLIA, PATRONA DE LA M\u00daSICA"},"content":{"rendered":"<h5 style=\"text-align: justify;\">Actuaci\u00f3 commemorant la patrona de la m\u00fasica,\u00a0<a dir=\"ltr\" role=\"link\" href=\"https:\/\/twitter.com\/hashtag\/SantaCecilia2021?src=hashtag_click\" target=\"_blank\" rel=\"noopener\" data-saferedirecturl=\"https:\/\/www.google.com\/url?q=https:\/\/twitter.com\/hashtag\/SantaCecilia2021?src%3Dhashtag_click&amp;source=gmail&amp;ust=1637685071623000&amp;usg=AOvVaw2ma18Byu6NNT109F2SksUG\">#SantaCecilia2021<\/a>. Preludi i allemanda del Concert d\u2019<a dir=\"ltr\" role=\"link\" href=\"https:\/\/twitter.com\/hashtag\/oboe?src=hashtag_click\" target=\"_blank\" rel=\"noopener\" data-saferedirecturl=\"https:\/\/www.google.com\/url?q=https:\/\/twitter.com\/hashtag\/oboe?src%3Dhashtag_click&amp;source=gmail&amp;ust=1637685071623000&amp;usg=AOvVaw3jRCZ3LF0YHloMo6WQMXEm\">#oboe<\/a>\u00a0de\u00a0<a dir=\"ltr\" role=\"link\" href=\"https:\/\/twitter.com\/hashtag\/corelli?src=hashtag_click\" target=\"_blank\" rel=\"noopener\" data-saferedirecturl=\"https:\/\/www.google.com\/url?q=https:\/\/twitter.com\/hashtag\/corelli?src%3Dhashtag_click&amp;source=gmail&amp;ust=1637685071623000&amp;usg=AOvVaw17tCRCMU0VJg46eBwyN2pM\">#corelli<\/a>. Gr\u00e0cies a l\u2019int\u00e8rpretaci\u00f3 d\u2019en <strong>Pol Heras<\/strong> de <a dir=\"ltr\" role=\"link\" href=\"https:\/\/twitter.com\/hashtag\/1rEso?src=hashtag_click\" target=\"_blank\" rel=\"noopener\" data-saferedirecturl=\"https:\/\/www.google.com\/url?q=https:\/\/twitter.com\/hashtag\/1rEso?src%3Dhashtag_click&amp;source=gmail&amp;ust=1637685071623000&amp;usg=AOvVaw22xNQEJRosZWPPPYC2T3Hv\">#1rEso\u00a0<\/a>i la professora <strong>L\u00eddia Vilaseca.<\/strong><\/h5>\n<table style=\"border-collapse: collapse; width: 100%;\">\n<tbody>\n<tr>\n<td style=\"width: 33.3333%; border-style: solid; border-color: #000000; background-color: #e8daa7;\"><a href=\"https:\/\/agora.xtec.cat\/iescalgravat\/wp-content\/uploads\/usu63\/2021\/11\/IMG_8685_opt.jpg\"><img loading=\"lazy\" decoding=\"async\" class=\"aligncenter wp-image-4321 size-medium\" src=\"https:\/\/agora.xtec.cat\/iescalgravat\/wp-content\/uploads\/usu63\/2021\/11\/IMG_8685_opt-225x300.jpg\" alt=\"\" width=\"225\" height=\"300\" srcset=\"https:\/\/agora.xtec.cat\/iescalgravat\/wp-content\/uploads\/usu63\/2021\/11\/IMG_8685_opt-225x300.jpg 225w, https:\/\/agora.xtec.cat\/iescalgravat\/wp-content\/uploads\/usu63\/2021\/11\/IMG_8685_opt.jpg 400w\" sizes=\"auto, (max-width: 225px) 100vw, 225px\" \/><\/a><\/td>\n<td style=\"width: 33.3333%; border-style: solid; border-color: #000000; background-color: #e8daa7;\"><a href=\"https:\/\/agora.xtec.cat\/iescalgravat\/wp-content\/uploads\/usu63\/2021\/11\/IMG_8689-scaled.jpg\"><img loading=\"lazy\" decoding=\"async\" class=\"aligncenter wp-image-4320 size-medium\" src=\"https:\/\/agora.xtec.cat\/iescalgravat\/wp-content\/uploads\/usu63\/2021\/11\/IMG_8689-225x300.jpg\" alt=\"\" width=\"225\" height=\"300\" srcset=\"https:\/\/agora.xtec.cat\/iescalgravat\/wp-content\/uploads\/usu63\/2021\/11\/IMG_8689-225x300.jpg 225w, https:\/\/agora.xtec.cat\/iescalgravat\/wp-content\/uploads\/usu63\/2021\/11\/IMG_8689-768x1024.jpg 768w, https:\/\/agora.xtec.cat\/iescalgravat\/wp-content\/uploads\/usu63\/2021\/11\/IMG_8689-1152x1536.jpg 1152w, https:\/\/agora.xtec.cat\/iescalgravat\/wp-content\/uploads\/usu63\/2021\/11\/IMG_8689-1536x2048.jpg 1536w, https:\/\/agora.xtec.cat\/iescalgravat\/wp-content\/uploads\/usu63\/2021\/11\/IMG_8689-scaled.jpg 1920w\" sizes=\"auto, (max-width: 225px) 100vw, 225px\" \/><\/a><\/td>\n<td style=\"width: 33.3333%; border-style: solid; border-color: #000000; background-color: #e8daa7;\"><a href=\"https:\/\/agora.xtec.cat\/iescalgravat\/wp-content\/uploads\/usu63\/2021\/11\/IMG_8687_opt.jpg\"><img loading=\"lazy\" decoding=\"async\" class=\"aligncenter wp-image-4322 size-full\" src=\"https:\/\/agora.xtec.cat\/iescalgravat\/wp-content\/uploads\/usu63\/2021\/11\/IMG_8687_opt.jpg\" alt=\"\" width=\"400\" height=\"300\" srcset=\"https:\/\/agora.xtec.cat\/iescalgravat\/wp-content\/uploads\/usu63\/2021\/11\/IMG_8687_opt.jpg 400w, https:\/\/agora.xtec.cat\/iescalgravat\/wp-content\/uploads\/usu63\/2021\/11\/IMG_8687_opt-300x225.jpg 300w, https:\/\/agora.xtec.cat\/iescalgravat\/wp-content\/uploads\/usu63\/2021\/11\/IMG_8687_opt-200x150.jpg 200w\" sizes=\"auto, (max-width: 400px) 100vw, 400px\" \/><\/a><\/td>\n<\/tr>\n<\/tbody>\n<\/table>\n<p>&nbsp;<\/p>\n","protected":false},"excerpt":{"rendered":"<p>Actuaci\u00f3 commemorant la patrona de la m\u00fasica,\u00a0<a dir=\"ltr\" role=\"link\" href=\"https:\/\/twitter.com\/hashtag\/SantaCecilia2021?src=hashtag_click\" target=\"_blank\" rel=\"noopener\" data-saferedirecturl=\"https:\/\/www.google.com\/url?q=https:\/\/twitter.com\/hashtag\/SantaCecilia2021?src%3Dhashtag_click&amp;source=gmail&amp;ust=1637685071623000&amp;usg=AOvVaw2ma18Byu6NNT109F2SksUG\">#SantaCecilia2021<\/a>. Preludi i allemanda del Concert d\u2019<a dir=\"ltr\" role=\"link\" href=\"https:\/\/twitter.com\/hashtag\/oboe?src=hashtag_click\" target=\"_blank\" rel=\"noopener\" data-saferedirecturl=\"https:\/\/www.google.com\/url?q=https:\/\/twitter.com\/hashtag\/oboe?src%3Dhashtag_click&amp;source=gmail&amp;ust=1637685071623000&amp;usg=AOvVaw3jRCZ3LF0YHloMo6WQMXEm\">#oboe<\/a>\u00a0de\u00a0<a dir=\"ltr\" role=\"link\" href=\"https:\/\/twitter.com\/hashtag\/corelli?src=hashtag_click\" target=\"_blank\" rel=\"noopener\" data-saferedirecturl=\"https:\/\/www.google.com\/url?q=https:\/\/twitter.com\/hashtag\/corelli?src%3Dhashtag_click&amp;source=gmail&amp;ust=1637685071623000&amp;usg=AOvVaw17tCRCMU0VJg46eBwyN2pM\">#corelli<\/a>. Gr\u00e0cies a l\u2019int\u00e8rpretaci\u00f3 d\u2019en Pol Heras de <a dir=\"ltr\" role=\"link\" href=\"https:\/\/twitter.com\/hashtag\/1rEso?src=hashtag_click\" target=\"_blank\" rel=\"noopener\" data-saferedirecturl=\"https:\/\/www.google.com\/url?q=https:\/\/twitter.com\/hashtag\/1rEso?src%3Dhashtag_click&amp;source=gmail&amp;ust=1637685071623000&amp;usg=AOvVaw22xNQEJRosZWPPPYC2T3Hv\">#1rEso\u00a0<\/a>i&hellip;  <a href=\"https:\/\/agora.xtec.cat\/iescalgravat\/general\/commemoracio-de-santa-cecilia-patrona-de-la-musica\/\" title=\"Read COMMEMORACI\u00d3 DE SANTA CEC\u00cdLIA, PATRONA DE LA M\u00daSICA\">Llegeix m\u00e9s\u00bb<\/a><\/p>\n","protected":false},"author":1,"featured_media":0,"comment_status":"open","ping_status":"closed","sticky":false,"template":"","format":"standard","meta":{"_bbp_topic_count":0,"_bbp_reply_count":0,"_bbp_total_topic_count":0,"_bbp_total_reply_count":0,"_bbp_voice_count":0,"_bbp_anonymous_reply_count":0,"_bbp_topic_count_hidden":0,"_bbp_reply_count_hidden":0,"_bbp_forum_subforum_count":0,"footnotes":""},"categories":[1],"tags":[],"class_list":["post-4319","post","type-post","status-publish","format-standard","hentry","category-general"],"post_mailing_queue_ids":[],"_links":{"self":[{"href":"https:\/\/agora.xtec.cat\/iescalgravat\/wp-json\/wp\/v2\/posts\/4319","targetHints":{"allow":["GET"]}}],"collection":[{"href":"https:\/\/agora.xtec.cat\/iescalgravat\/wp-json\/wp\/v2\/posts"}],"about":[{"href":"https:\/\/agora.xtec.cat\/iescalgravat\/wp-json\/wp\/v2\/types\/post"}],"author":[{"embeddable":true,"href":"https:\/\/agora.xtec.cat\/iescalgravat\/wp-json\/wp\/v2\/users\/1"}],"replies":[{"embeddable":true,"href":"https:\/\/agora.xtec.cat\/iescalgravat\/wp-json\/wp\/v2\/comments?post=4319"}],"version-history":[{"count":3,"href":"https:\/\/agora.xtec.cat\/iescalgravat\/wp-json\/wp\/v2\/posts\/4319\/revisions"}],"predecessor-version":[{"id":4334,"href":"https:\/\/agora.xtec.cat\/iescalgravat\/wp-json\/wp\/v2\/posts\/4319\/revisions\/4334"}],"wp:attachment":[{"href":"https:\/\/agora.xtec.cat\/iescalgravat\/wp-json\/wp\/v2\/media?parent=4319"}],"wp:term":[{"taxonomy":"category","embeddable":true,"href":"https:\/\/agora.xtec.cat\/iescalgravat\/wp-json\/wp\/v2\/categories?post=4319"},{"taxonomy":"post_tag","embeddable":true,"href":"https:\/\/agora.xtec.cat\/iescalgravat\/wp-json\/wp\/v2\/tags?post=4319"}],"curies":[{"name":"wp","href":"https:\/\/api.w.org\/{rel}","templated":true}]}}