{"id":4314,"date":"2021-11-21T22:11:59","date_gmt":"2021-11-21T21:11:59","guid":{"rendered":"https:\/\/agora.xtec.cat\/iescalgravat\/?p=4314"},"modified":"2022-03-29T14:09:03","modified_gmt":"2022-03-29T12:09:03","slug":"que-cal-fer-en-cas-dun-positiu-per-covid-19","status":"publish","type":"post","link":"https:\/\/agora.xtec.cat\/iescalgravat\/general\/que-cal-fer-en-cas-dun-positiu-per-covid-19\/","title":{"rendered":"QU\u00c8 CAL FER  en cas d\u2019un positiu per COVID-19 ?"},"content":{"rendered":"<div id=\"protocol\">\n<h4>PROTOCOL \u2013 ALUMNAT IMMUNITZAT<\/h4>\n<ol>\n<li style=\"text-align: justify;\">Heu d\u2019anar el m\u00e9s aviat possible, a una de les farm\u00e0cies del Programa TAR* per fer-vos la prova amb la carta que us entreguem i el carnet sanitari. Els menors de 16 anys heu d\u2019anar-hi acompanyats d\u2019un adult responsable. La prova no t\u00e9 cap cost.<\/li>\n<li style=\"text-align: justify;\">Si el resultat \u00e9s negatiu, continueu anant al centre amb normalitat.<\/li>\n<li style=\"text-align: justify;\">Si el resultat \u00e9s positiu, ho heu de comunicar al centre i iniciar l\u2019a\u00efllament.<\/li>\n<li style=\"text-align: justify;\">Sigui quin sigui el resultat, extremeu les mesures de protecci\u00f3, limiteu la vida social i controleu el possible inici de s\u00edmptomes<\/li>\n<\/ol>\n<h4>PROTOCOL \u2013 ALUMNAT NO IMMUNITZAT<\/h4>\n<ol>\n<li style=\"text-align: justify;\">Cal que <em><strong>inicieu immediatament la quarantena.<\/strong><\/em><\/li>\n<li style=\"text-align: justify;\">Us haureu de fer una prova diagn\u00f2stica, al lloc i hora indicats a la carta.<\/li>\n<li style=\"text-align: justify;\">Un cop feta la prova, haureu de continuar amb el per\u00edode de quarantena.<\/li>\n<li style=\"text-align: justify;\">Rebreu el resultat en les 24-48 hores seg\u00fcents.<\/li>\n<li style=\"text-align: justify;\"><em><strong>Independentment del resultat de la prova<\/strong><\/em>, haureu de completar el per\u00edode de quarantena.<\/li>\n<li style=\"text-align: justify;\">Extremeu les mesures de protecci\u00f3 i controleu el possible inici de s\u00edmptomes.<\/li>\n<\/ol>\n<p><strong>RECORDEM MESURES<\/strong><\/p>\n<p>Insistim en la import\u00e0ncia que tots mantinguem les mesures de protecci\u00f3 i, sobretot, que ning\u00fa <em><strong>no assisteixi al centre si presenta s\u00edmptomes compatibles amb COVID-19.<\/strong><\/em><\/p>\n<h4>PER M\u00c9S INFORMACI\u00d3<\/h4>\n<p>Consulteu el <strong><a href=\"https:\/\/canalsalut.gencat.cat\/ca\/salut-a-z\/c\/coronavirus-2019-ncov\/ciutadania\/salut-escola\/informacio-per-a-families\/\" target=\"_blank\" rel=\"noopener\">Canal Salut- informaci\u00f3 per a les fam\u00edlies<\/a><\/strong><\/p>\n<p>Consulteu tamb\u00e9 les <strong><a href=\"https:\/\/agora.xtec.cat\/iescalgravat\/general\/farmacies-acreditades-per-fer-el-test-dantigens\/\">farm\u00e0cies del programa TAR <\/a><\/strong>(Test d\u2019Ant\u00edgens)<\/p>\n<p><a href=\"https:\/\/agora.xtec.cat\/iescalgravat\/wp-content\/uploads\/usu63\/2021\/11\/covid19.jpg\"><img loading=\"lazy\" decoding=\"async\" class=\"aligncenter size-full wp-image-4315\" src=\"https:\/\/agora.xtec.cat\/iescalgravat\/wp-content\/uploads\/usu63\/2021\/11\/covid19.jpg\" alt=\"\" width=\"960\" height=\"540\" srcset=\"https:\/\/agora.xtec.cat\/iescalgravat\/wp-content\/uploads\/usu63\/2021\/11\/covid19.jpg 960w, https:\/\/agora.xtec.cat\/iescalgravat\/wp-content\/uploads\/usu63\/2021\/11\/covid19-300x169.jpg 300w, https:\/\/agora.xtec.cat\/iescalgravat\/wp-content\/uploads\/usu63\/2021\/11\/covid19-768x432.jpg 768w\" sizes=\"auto, (max-width: 960px) 100vw, 960px\" \/><\/a><\/p>\n<\/div>\n","protected":false},"excerpt":{"rendered":"<p>PROTOCOL \u2013 ALUMNAT IMMUNITZAT<\/p>\n<ol>\n<li style=\"text-align: justify;\">Heu d\u2019anar el m\u00e9s aviat possible, a una de les farm\u00e0cies del Programa TAR* per fer-vos la prova amb la carta que us entreguem i el carnet sanitari. Els menors de 16 anys heu d\u2019anar-hi acompanyats d\u2019un adult responsable. La&hellip;  <a href=\"https:\/\/agora.xtec.cat\/iescalgravat\/general\/que-cal-fer-en-cas-dun-positiu-per-covid-19\/\" title=\"Read QU\u00c8 CAL FER  en cas d\u2019un positiu per COVID-19 ?\">Llegeix m\u00e9s\u00bb<\/a><br \/>\n","protected":false},"author":1,"featured_media":4315,"comment_status":"open","ping_status":"closed","sticky":false,"template":"","format":"standard","meta":{"_bbp_topic_count":0,"_bbp_reply_count":0,"_bbp_total_topic_count":0,"_bbp_total_reply_count":0,"_bbp_voice_count":0,"_bbp_anonymous_reply_count":0,"_bbp_topic_count_hidden":0,"_bbp_reply_count_hidden":0,"_bbp_forum_subforum_count":0,"footnotes":""},"categories":[8,3,1],"tags":[],"class_list":["post-4314","post","type-post","status-publish","format-standard","has-post-thumbnail","hentry","category-batxillerat","category-eso","category-general"],"post_mailing_queue_ids":[],"_links":{"self":[{"href":"https:\/\/agora.xtec.cat\/iescalgravat\/wp-json\/wp\/v2\/posts\/4314","targetHints":{"allow":["GET"]}}],"collection":[{"href":"https:\/\/agora.xtec.cat\/iescalgravat\/wp-json\/wp\/v2\/posts"}],"about":[{"href":"https:\/\/agora.xtec.cat\/iescalgravat\/wp-json\/wp\/v2\/types\/post"}],"author":[{"embeddable":true,"href":"https:\/\/agora.xtec.cat\/iescalgravat\/wp-json\/wp\/v2\/users\/1"}],"replies":[{"embeddable":true,"href":"https:\/\/agora.xtec.cat\/iescalgravat\/wp-json\/wp\/v2\/comments?post=4314"}],"version-history":[{"count":2,"href":"https:\/\/agora.xtec.cat\/iescalgravat\/wp-json\/wp\/v2\/posts\/4314\/revisions"}],"predecessor-version":[{"id":4317,"href":"https:\/\/agora.xtec.cat\/iescalgravat\/wp-json\/wp\/v2\/posts\/4314\/revisions\/4317"}],"wp:featuredmedia":[{"embeddable":true,"href":"https:\/\/agora.xtec.cat\/iescalgravat\/wp-json\/wp\/v2\/media\/4315"}],"wp:attachment":[{"href":"https:\/\/agora.xtec.cat\/iescalgravat\/wp-json\/wp\/v2\/media?parent=4314"}],"wp:term":[{"taxonomy":"category","embeddable":true,"href":"https:\/\/agora.xtec.cat\/iescalgravat\/wp-json\/wp\/v2\/categories?post=4314"},{"taxonomy":"post_tag","embeddable":true,"href":"https:\/\/agora.xtec.cat\/iescalgravat\/wp-json\/wp\/v2\/tags?post=4314"}],"curies":[{"name":"wp","href":"https:\/\/api.w.org\/{rel}","templated":true}]}}