{"id":4260,"date":"2021-11-02T18:27:27","date_gmt":"2021-11-02T17:27:27","guid":{"rendered":"https:\/\/agora.xtec.cat\/iescalgravat\/?p=4260"},"modified":"2022-03-29T14:07:49","modified_gmt":"2022-03-29T12:07:49","slug":"eleccions-consell-escolar-2021","status":"publish","type":"post","link":"https:\/\/agora.xtec.cat\/iescalgravat\/general\/eleccions-consell-escolar-2021\/","title":{"rendered":"ELECCIONS CONSELL ESCOLAR 2021"},"content":{"rendered":"<p style=\"text-align: justify;\">El Departament d\u2019Ensenyament ha convocat eleccions per tal de renovar els representants als Consells Escolars dels Centres Docents p\u00fablics de Catalunya. El proc\u00e9s electoral s\u2019efectuar\u00e0 per renovar la meitat dels membres de cadascun del sectors que formen els consells escolars.<span id=\"more-1975\"><\/span><\/p>\n<p style=\"text-align: justify;\"><strong><u>Qu\u00e8 \u00e9s un Consell Escolar<\/u><\/strong><strong>\u00a0?<\/strong><\/p>\n<p style=\"text-align: justify;\">El Consell Escolar del centre \u00e9s l\u2019\u00f2rgan de participaci\u00f3 de la comunitat escolar en el govern del centre. Els membres del Consell Escolar s\u00f3n escollits per quatre anys. Cada dos anys es renoven la meitat dels seus membres.<\/p>\n<p><strong><u>Quina \u00e9s la composici\u00f3 del Consell Escolar:<\/u><\/strong><\/p>\n<ul>\n<li>La directora del centre, que n\u2019\u00e9s la presidenta.<\/li>\n<li>La cap d\u2019estudis.<\/li>\n<li>El secretari (amb veu per\u00f2 sense vot).<\/li>\n<li>1 representant de l\u2019Ajuntament.<\/li>\n<li>6 professors elegits pel Claustre.<\/li>\n<li>4 pares\/mares elegits entre ells, incl\u00f2s 1 representant de l\u2019AFA.<\/li>\n<li>2 alumnes elegits entre ells.<\/li>\n<li>1 representant del personal d\u2019administraci\u00f3 i serveis (PAS)<\/li>\n<li>1 representant del personal atenci\u00f3 educativa (PAE)<\/li>\n<\/ul>\n<p>TOTAL = 18 membres.<\/p>\n<table style=\"width: 48.4618%;\">\n<tbody>\n<tr>\n<td style=\"width: 50.9505%;\"><b>SECTOR<\/b><\/td>\n<td style=\"width: 21.9833%; text-align: center;\"><b>TOTAL<\/b><\/td>\n<td style=\"width: 55.4212%; text-align: center;\"><b>N\u00daM. VACANTS<\/b><\/td>\n<\/tr>\n<tr>\n<td style=\"width: 50.9505%;\"><span style=\"font-weight: 400;\">Administraci\u00f3 (Direcci\u00f3, PAS, PAE, Ajuntament)<\/span><\/td>\n<td style=\"width: 21.9833%; text-align: center;\"><span style=\"font-weight: 400;\">6<\/span><\/td>\n<td style=\"width: 55.4212%; text-align: center;\"><strong>3<\/strong><\/td>\n<\/tr>\n<tr>\n<td style=\"width: 50.9505%;\"><span style=\"font-weight: 400;\">Docents\u00a0<\/span><\/td>\n<td style=\"width: 21.9833%; text-align: center;\"><span style=\"font-weight: 400;\">6<\/span><\/td>\n<td style=\"width: 55.4212%; text-align: center;\"><strong>2<\/strong><\/td>\n<\/tr>\n<tr>\n<td style=\"width: 50.9505%;\"><span style=\"font-weight: 400;\">Fam\u00edlies (mares, pares, alumnat)<\/span><\/td>\n<td style=\"width: 21.9833%; text-align: center;\"><span style=\"font-weight: 400;\">6<\/span><\/td>\n<td style=\"width: 55.4212%; text-align: center;\"><strong>5<\/strong><\/td>\n<\/tr>\n<tr>\n<td style=\"width: 50.9505%;\"><span style=\"font-weight: 400;\">TOTAL\u00a0<\/span><\/td>\n<td style=\"width: 21.9833%; text-align: center;\"><span style=\"font-weight: 400;\">18<\/span><\/td>\n<td style=\"width: 55.4212%; text-align: center;\"><strong>10<\/strong><\/td>\n<\/tr>\n<\/tbody>\n<\/table>\n<p><b>(*De les 10 vacants 2 de les quals no s\u00f3n electes: Ajuntament i Representant AFA)<\/b><\/p>\n<p><strong><u>Qui t\u00e9 dret de vot<\/u><\/strong><strong>\u00a0?<\/strong><\/p>\n<p>Tots els pares, mares i els\/les tutors\/es legals, els fills i filles dels quals estiguin matriculats\/des al centre en el moment de la convocat\u00f2ria de les eleccions.<\/p>\n<p><strong><a href=\"https:\/\/educacio.gencat.cat\/ca\/arees-actuacio\/families\/recursos\/recomanacions\/eleccions-consells-escolars\/\">Per qu\u00e8 \u00e9s important que participeu les fam\u00edlies?<\/a><\/strong><\/p>\n<p><strong><u>Procediment d\u2019elecci\u00f3 o renovaci\u00f3 dels membres del Consell Escolar. SECTOR PARES<\/u><\/strong><\/p>\n<ul>\n<li>A partir del 3\u00a0<em>de novembre<\/em>\u00a0podeu comprovar el cens de mares i pares. El trobareu al taulell d\u2019anuncis situat al costat de la consergeria .<\/li>\n<li>Poden ser\u00a0<u>candidats\/des al sector pares<\/u>: tots els pares o mares o tutors legals d\u2019alumnes del centre.\u00a0<strong>Per ser candidat cal omplir un impr\u00e8s que podeu recollir al centre o descarregar d\u2019aquest mateix article<\/strong>. Hi ha temps fins el 14 de novembre. <strong style=\"font-family: inherit; font-size: 1em;\"><a href=\"https:\/\/agora.xtec.cat\/iescalgravat\/wp-content\/uploads\/usu63\/2021\/11\/A634_candidats.pdf\" target=\"_blank\" rel=\"noopener\">\u00a0PRESENTACI\u00d3 CANDIDATURA<\/a><\/strong><\/li>\n<\/ul>\n<ul>\n<li><u>Votacions<\/u>: les votacions s\u00f3n personals, directes i secretes. Pot votar tant el pare com la mare o tutor\/a legal dels alumnes escolaritzats en el Centre.<\/li>\n<li><u>Mesa electoral<\/u>: A la mesa electoral hi haur\u00e0 el director i dos pares o mares que els hi hagi toca per sorteig. Actuar\u00e0 de secretari\/a el pare o mare de menys edat.<\/li>\n<\/ul>\n<p><strong><u>Calendari de la convocat\u00f2ria d\u2019eleccions al Consell Escolar<\/u><\/strong><\/p>\n<table style=\"width: 67.9643%; height: 693px;\" width=\"728\">\n<tbody>\n<tr style=\"height: 31px;\">\n<td style=\"width: 28.4914%; height: 31px;\" width=\"184\"><strong>DIA<\/strong><\/td>\n<td style=\"width: 16.1136%; height: 31px;\" width=\"109\"><strong>HORA<\/strong><\/td>\n<td style=\"width: 22.6935%; height: 31px;\" width=\"170\"><strong>LLOC<\/strong><\/td>\n<td style=\"width: 57.2641%; height: 31px;\" width=\"265\"><strong>ACTE<\/strong><\/td>\n<\/tr>\n<tr style=\"height: 31px;\">\n<td style=\"width: 28.4914%; height: 31px;\" width=\"184\">DIMARTS 2\/11\/2021<\/td>\n<td style=\"width: 16.1136%; height: 31px;\" width=\"109\">9:00h<\/td>\n<td style=\"width: 22.6935%; height: 31px;\" width=\"170\">Sala Professorat<\/td>\n<td style=\"width: 57.2641%; height: 31px;\" width=\"265\">Publicaci\u00f3 del cens sector PROFESSORAT<\/td>\n<\/tr>\n<tr style=\"height: 73px;\">\n<td style=\"width: 28.4914%; height: 61px;\" width=\"184\">DIMECRES 3\/11\/2021<\/td>\n<td style=\"width: 16.1136%; height: 61px;\" width=\"109\">9:00h<\/td>\n<td style=\"width: 22.6935%; height: 61px;\" width=\"170\">Taulell anuncis interior<\/td>\n<td style=\"width: 57.2641%; height: 61px;\" width=\"265\">Publicaci\u00f3 del cens sector FAM\u00cdLIES<\/p>\n<p>Publicaci\u00f3 del cens sector ALUMNAT<\/td>\n<\/tr>\n<tr style=\"height: 95px;\">\n<td style=\"width: 28.4914%; height: 62px;\" width=\"184\">DIJOUS 4\/11\/2021<\/td>\n<td style=\"width: 16.1136%; height: 62px;\" width=\"109\">9:30h<\/td>\n<td style=\"width: 22.6935%; height: 62px;\" width=\"170\">Despatx direcci\u00f3<\/td>\n<td style=\"width: 57.2641%; height: 62px;\" width=\"265\">Sorteig designaci\u00f3 membres\u00a0mesa sector FAM\u00cdLIES.<\/td>\n<\/tr>\n<tr style=\"height: 46px;\">\n<td style=\"width: 28.4914%; height: 46px;\" width=\"184\">DEL 5 AL 9\/11\/2021<\/td>\n<td style=\"width: 16.1136%; height: 46px;\" width=\"109\">9:00h \u2013 9:30h<\/td>\n<td style=\"width: 22.6935%; height: 46px;\" width=\"170\">Despatx direcci\u00f3<\/td>\n<td style=\"width: 57.2641%; height: 46px;\" width=\"265\">Presentaci\u00f3 reclamacions al cens<\/td>\n<\/tr>\n<tr style=\"height: 31px;\">\n<td style=\"width: 28.4914%; height: 31px;\" width=\"184\">DIMECRES 10\/11\/2021<\/td>\n<td style=\"width: 16.1136%; height: 31px;\" width=\"109\">12:30h<\/td>\n<td style=\"width: 22.6935%; height: 31px;\" width=\"170\">Despatx direcci\u00f3<\/td>\n<td style=\"width: 57.2641%; height: 31px;\" width=\"265\">Constituci\u00f3 Mesa sector PROFESSORAT<\/td>\n<\/tr>\n<tr style=\"height: 31px;\">\n<td style=\"width: 28.4914%; height: 31px;\" width=\"184\">DIMECRES 10\/11\/2021<\/td>\n<td style=\"width: 16.1136%; height: 31px;\" width=\"109\">12:45h<\/td>\n<td style=\"width: 22.6935%; height: 31px;\" width=\"170\">Despatx direcci\u00f3<\/td>\n<td style=\"width: 57.2641%; height: 31px;\" width=\"265\">Constituci\u00f3 Mesa sector FAM\u00cdLIES<\/td>\n<\/tr>\n<tr style=\"height: 95px;\">\n<td style=\"width: 28.4914%; height: 89px;\" width=\"184\">DEL 9 AL 14\/11\/2021<\/td>\n<td style=\"width: 16.1136%; height: 89px;\" width=\"109\">8:30h \u2013 14:00h<\/td>\n<td style=\"width: 22.6935%; height: 89px;\" width=\"170\">Despatx direcci\u00f3<\/td>\n<td style=\"width: 57.2641%; height: 89px;\" width=\"265\">Presentaci\u00f3 candidatures<\/p>\n<p>Presentaci\u00f3 sol\u00b7licitud supervisors mesa<\/td>\n<\/tr>\n<tr style=\"height: 95px;\">\n<td style=\"width: 28.4914%; height: 77px;\" width=\"184\">DIVENDRES 17\/11\/2021<\/td>\n<td style=\"width: 16.1136%; height: 77px;\" width=\"109\">10:00h \u2013 17:00h<\/td>\n<td style=\"width: 22.6935%; height: 77px;\" width=\"170\">Taulell anuncis interior<\/td>\n<td style=\"width: 57.2641%; height: 77px;\" width=\"265\">An\u00e0lisi i publicaci\u00f3 de candidatures<\/td>\n<\/tr>\n<tr style=\"height: 31px;\">\n<td style=\"width: 28.4914%; height: 31px;\" width=\"184\">DILLUNS 22\/11\/2021<\/td>\n<td style=\"width: 16.1136%; height: 31px;\" width=\"109\">13:45h<\/p>\n<p>14:00h<\/td>\n<td style=\"width: 22.6935%; height: 31px;\" width=\"170\">Despatx Direcci\u00f3<\/td>\n<td style=\"width: 57.2641%; height: 31px;\" width=\"265\">Elecci\u00f3 PAE<\/p>\n<p>Elecci\u00f3 PAS<\/td>\n<\/tr>\n<tr style=\"height: 31px;\">\n<td style=\"width: 28.4914%; height: 31px;\" width=\"184\">DIMARTS 23\/11\/2021<\/td>\n<td style=\"width: 16.1136%; height: 31px;\" width=\"109\">15:30h<\/td>\n<td style=\"width: 22.6935%; height: 31px;\" width=\"170\">Gimn\u00e0s<\/td>\n<td style=\"width: 57.2641%; height: 31px;\" width=\"265\">Elecci\u00f3 sector PROFESSORAT<\/td>\n<\/tr>\n<tr style=\"height: 139px;\">\n<td style=\"width: 28.4914%; height: 96px;\" width=\"184\">DIJOUS 25\/11\/2021<\/td>\n<td style=\"width: 16.1136%; height: 96px;\" width=\"109\">08:30h\u00a0 \u2013\u00a0 9:30h<\/p>\n<p>16:00h \u2013 17:30h<\/td>\n<td style=\"width: 22.6935%; height: 96px;\" width=\"170\">Vest\u00edbul<\/td>\n<td style=\"width: 57.2641%; height: 96px;\" width=\"265\">Elecci\u00f3 sector FAM\u00cdLIES<\/td>\n<\/tr>\n<tr style=\"height: 95px;\">\n<td style=\"width: 28.4914%; height: 76px;\" width=\"184\">DIVENDRES 26\/11\/2021<\/td>\n<td style=\"width: 16.1136%; height: 76px;\" width=\"109\">10:00h \u2013 14:00<\/td>\n<td style=\"width: 22.6935%; height: 76px;\" width=\"170\">AULES ESO\/BATX\/FPB<\/td>\n<td style=\"width: 57.2641%; height: 76px;\" width=\"265\">Elecci\u00f3 sector ALUMNAT<\/td>\n<\/tr>\n<\/tbody>\n<\/table>\n<p><em>(RESOLUCI\u00d3 EDU\/3043\/2021, de 6 d\u2019octubre publicat al DOGC N\u00fam. 8521 \u2013 13.10.2021)\u00a0\u00a0\u00a0<\/em><\/p>\n<p>M\u00e9s informaci\u00f3 al seg\u00fcent\u00a0<a href=\"https:\/\/educacio.gencat.cat\/ca\/arees-actuacio\/centres-serveis-educatius\/centres\/consells-escolars-centres\/centres-publics\">enlla\u00e7<\/a>.<\/p>\n","protected":false},"excerpt":{"rendered":"<p>El Departament d\u2019Ensenyament ha convocat eleccions per tal de renovar els representants als Consells Escolars dels Centres Docents p\u00fablics de Catalunya. El proc\u00e9s electoral s\u2019efectuar\u00e0 per renovar la meitat dels membres de cadascun del sectors que formen els consells escolars.<br \/>\nQu\u00e8 \u00e9s un Consell Escolar\u00a0?<br \/>\nEl Consell&hellip;  <a href=\"https:\/\/agora.xtec.cat\/iescalgravat\/general\/eleccions-consell-escolar-2021\/\" title=\"Read ELECCIONS CONSELL ESCOLAR 2021\">Llegeix m\u00e9s\u00bb<\/a><\/p>\n","protected":false},"author":1,"featured_media":4273,"comment_status":"open","ping_status":"closed","sticky":false,"template":"","format":"standard","meta":{"_bbp_topic_count":0,"_bbp_reply_count":0,"_bbp_total_topic_count":0,"_bbp_total_reply_count":0,"_bbp_voice_count":0,"_bbp_anonymous_reply_count":0,"_bbp_topic_count_hidden":0,"_bbp_reply_count_hidden":0,"_bbp_forum_subforum_count":0,"footnotes":""},"categories":[31,8,3,1],"tags":[],"class_list":["post-4260","post","type-post","status-publish","format-standard","has-post-thumbnail","hentry","category-ampa","category-batxillerat","category-eso","category-general"],"post_mailing_queue_ids":[],"_links":{"self":[{"href":"https:\/\/agora.xtec.cat\/iescalgravat\/wp-json\/wp\/v2\/posts\/4260","targetHints":{"allow":["GET"]}}],"collection":[{"href":"https:\/\/agora.xtec.cat\/iescalgravat\/wp-json\/wp\/v2\/posts"}],"about":[{"href":"https:\/\/agora.xtec.cat\/iescalgravat\/wp-json\/wp\/v2\/types\/post"}],"author":[{"embeddable":true,"href":"https:\/\/agora.xtec.cat\/iescalgravat\/wp-json\/wp\/v2\/users\/1"}],"replies":[{"embeddable":true,"href":"https:\/\/agora.xtec.cat\/iescalgravat\/wp-json\/wp\/v2\/comments?post=4260"}],"version-history":[{"count":4,"href":"https:\/\/agora.xtec.cat\/iescalgravat\/wp-json\/wp\/v2\/posts\/4260\/revisions"}],"predecessor-version":[{"id":4277,"href":"https:\/\/agora.xtec.cat\/iescalgravat\/wp-json\/wp\/v2\/posts\/4260\/revisions\/4277"}],"wp:featuredmedia":[{"embeddable":true,"href":"https:\/\/agora.xtec.cat\/iescalgravat\/wp-json\/wp\/v2\/media\/4273"}],"wp:attachment":[{"href":"https:\/\/agora.xtec.cat\/iescalgravat\/wp-json\/wp\/v2\/media?parent=4260"}],"wp:term":[{"taxonomy":"category","embeddable":true,"href":"https:\/\/agora.xtec.cat\/iescalgravat\/wp-json\/wp\/v2\/categories?post=4260"},{"taxonomy":"post_tag","embeddable":true,"href":"https:\/\/agora.xtec.cat\/iescalgravat\/wp-json\/wp\/v2\/tags?post=4260"}],"curies":[{"name":"wp","href":"https:\/\/api.w.org\/{rel}","templated":true}]}}