{"id":4090,"date":"2021-06-17T19:15:41","date_gmt":"2021-06-17T17:15:41","guid":{"rendered":"https:\/\/agora.xtec.cat\/iescalgravat\/?p=4090"},"modified":"2022-03-29T14:16:17","modified_gmt":"2022-03-29T12:16:17","slug":"estades-dimmersio-linguistica-en-angles","status":"publish","type":"post","link":"https:\/\/agora.xtec.cat\/iescalgravat\/general\/estades-dimmersio-linguistica-en-angles\/","title":{"rendered":"ESTADES D&#8217;IMMERSI\u00d3 LING\u00dc\u00cdSTICA EN ANGL\u00c8S"},"content":{"rendered":"<div>Del 14 al 16 de juny una part de l&#8217;alumnat de 3r ESO ha pogut gaudir de les estades d&#8217;immersi\u00f3 ling\u00fc\u00edstica en angl\u00e8s a Cabrera de Mar.<\/div>\n<div>L&#8217;alumnat ha gaudit de les diferents activitats en un ambient de natura i en un lloc excepcional on han apr\u00e8s jugant i passant-ho d&#8217;all\u00f2 m\u00e9s b\u00e9 en llengua anglesa.<\/div>\n<div><\/div>\n<div>Han arribat ben cansats per\u00f2 plens d&#8217;experi\u00e8ncies!<\/div>\n<div><\/div>\n<h4><a href=\"https:\/\/twitter.com\/hashtag\/ESTFSE21?src=hashtag_click\" target=\"_blank\" rel=\"noopener noreferrer\"><strong>#ESTFSE21<\/strong><\/a><\/h4>\n<div><\/div>\n<div><\/div>\n<div>\n<table style=\"width: 339px;\">\n<tbody>\n<tr>\n<td style=\"width: 165.984px; border-style: solid; border-color: #000000; background-color: #d1c2c2;\"><a href=\"https:\/\/agora.xtec.cat\/iescalgravat\/wp-content\/uploads\/usu63\/2021\/06\/IMG_1424.jpg\"><img loading=\"lazy\" decoding=\"async\" class=\"aligncenter wp-image-4092 size-thumbnail\" src=\"https:\/\/agora.xtec.cat\/iescalgravat\/wp-content\/uploads\/usu63\/2021\/06\/IMG_1424-150x150.jpg\" alt=\"\" width=\"150\" height=\"150\" \/><\/a><\/td>\n<td style=\"width: 165.016px; border-style: solid; border-color: #000000; background-color: #d1c2c2;\"><a href=\"https:\/\/agora.xtec.cat\/iescalgravat\/wp-content\/uploads\/usu63\/2021\/06\/IMG_1477.jpg\"><img loading=\"lazy\" decoding=\"async\" class=\"aligncenter wp-image-4091 size-thumbnail\" src=\"https:\/\/agora.xtec.cat\/iescalgravat\/wp-content\/uploads\/usu63\/2021\/06\/IMG_1477-150x150.jpg\" alt=\"\" width=\"150\" height=\"150\" \/><\/a><\/td>\n<\/tr>\n<tr>\n<td style=\"width: 165.984px; border-style: solid; border-color: #000000; background-color: #d1c2c2;\"><a href=\"https:\/\/agora.xtec.cat\/iescalgravat\/wp-content\/uploads\/usu63\/2021\/06\/IMG_1449_opt.jpg\"><img loading=\"lazy\" decoding=\"async\" class=\"aligncenter wp-image-4095 size-thumbnail\" src=\"https:\/\/agora.xtec.cat\/iescalgravat\/wp-content\/uploads\/usu63\/2021\/06\/IMG_1449_opt-150x150.jpg\" alt=\"\" width=\"150\" height=\"150\" \/><\/a><\/td>\n<td style=\"width: 165.016px; border-style: solid; border-color: #000000; background-color: #d1c2c2;\"><a href=\"https:\/\/agora.xtec.cat\/iescalgravat\/wp-content\/uploads\/usu63\/2021\/06\/IMG_1455_opt.jpg\"><img loading=\"lazy\" decoding=\"async\" class=\"aligncenter wp-image-4096 size-thumbnail\" src=\"https:\/\/agora.xtec.cat\/iescalgravat\/wp-content\/uploads\/usu63\/2021\/06\/IMG_1455_opt-150x150.jpg\" alt=\"\" width=\"150\" height=\"150\" \/><\/a><\/td>\n<\/tr>\n<\/tbody>\n<\/table>\n<table>\n<tbody>\n<tr>\n<td><a href=\"https:\/\/agora.xtec.cat\/iescalgravat\/wp-content\/uploads\/usu63\/2021\/06\/unnamed.png\"><img loading=\"lazy\" decoding=\"async\" class=\"aligncenter size-full wp-image-4097\" src=\"https:\/\/agora.xtec.cat\/iescalgravat\/wp-content\/uploads\/usu63\/2021\/06\/unnamed.png\" alt=\"\" width=\"583\" height=\"91\" srcset=\"https:\/\/agora.xtec.cat\/iescalgravat\/wp-content\/uploads\/usu63\/2021\/06\/unnamed.png 583w, https:\/\/agora.xtec.cat\/iescalgravat\/wp-content\/uploads\/usu63\/2021\/06\/unnamed-300x47.png 300w\" sizes=\"auto, (max-width: 583px) 100vw, 583px\" \/><\/a><\/td>\n<\/tr>\n<\/tbody>\n<\/table>\n<\/div>\n","protected":false},"excerpt":{"rendered":"<p>Del 14 al 16 de juny una part de l&#8217;alumnat de 3r ESO ha pogut gaudir de les estades d&#8217;immersi\u00f3 ling\u00fc\u00edstica en angl\u00e8s a Cabrera de Mar.<br \/>\nL&#8217;alumnat ha gaudit de les diferents activitats en un ambient de natura i en un lloc excepcional on han&hellip;  <a href=\"https:\/\/agora.xtec.cat\/iescalgravat\/general\/estades-dimmersio-linguistica-en-angles\/\" title=\"Read ESTADES D&#8217;IMMERSI\u00d3 LING\u00dc\u00cdSTICA EN ANGL\u00c8S\">Llegeix m\u00e9s\u00bb<\/a><\/p>\n","protected":false},"author":1,"featured_media":0,"comment_status":"open","ping_status":"closed","sticky":false,"template":"","format":"standard","meta":{"_bbp_topic_count":0,"_bbp_reply_count":0,"_bbp_total_topic_count":0,"_bbp_total_reply_count":0,"_bbp_voice_count":0,"_bbp_anonymous_reply_count":0,"_bbp_topic_count_hidden":0,"_bbp_reply_count_hidden":0,"_bbp_forum_subforum_count":0,"footnotes":""},"categories":[6,1],"tags":[],"class_list":["post-4090","post","type-post","status-publish","format-standard","hentry","category-eso-3","category-general"],"post_mailing_queue_ids":[],"_links":{"self":[{"href":"https:\/\/agora.xtec.cat\/iescalgravat\/wp-json\/wp\/v2\/posts\/4090","targetHints":{"allow":["GET"]}}],"collection":[{"href":"https:\/\/agora.xtec.cat\/iescalgravat\/wp-json\/wp\/v2\/posts"}],"about":[{"href":"https:\/\/agora.xtec.cat\/iescalgravat\/wp-json\/wp\/v2\/types\/post"}],"author":[{"embeddable":true,"href":"https:\/\/agora.xtec.cat\/iescalgravat\/wp-json\/wp\/v2\/users\/1"}],"replies":[{"embeddable":true,"href":"https:\/\/agora.xtec.cat\/iescalgravat\/wp-json\/wp\/v2\/comments?post=4090"}],"version-history":[{"count":1,"href":"https:\/\/agora.xtec.cat\/iescalgravat\/wp-json\/wp\/v2\/posts\/4090\/revisions"}],"predecessor-version":[{"id":4098,"href":"https:\/\/agora.xtec.cat\/iescalgravat\/wp-json\/wp\/v2\/posts\/4090\/revisions\/4098"}],"wp:attachment":[{"href":"https:\/\/agora.xtec.cat\/iescalgravat\/wp-json\/wp\/v2\/media?parent=4090"}],"wp:term":[{"taxonomy":"category","embeddable":true,"href":"https:\/\/agora.xtec.cat\/iescalgravat\/wp-json\/wp\/v2\/categories?post=4090"},{"taxonomy":"post_tag","embeddable":true,"href":"https:\/\/agora.xtec.cat\/iescalgravat\/wp-json\/wp\/v2\/tags?post=4090"}],"curies":[{"name":"wp","href":"https:\/\/api.w.org\/{rel}","templated":true}]}}