{"id":4055,"date":"2021-06-15T11:56:33","date_gmt":"2021-06-15T09:56:33","guid":{"rendered":"https:\/\/agora.xtec.cat\/iescalgravat\/?p=4055"},"modified":"2021-09-28T09:24:23","modified_gmt":"2021-09-28T07:24:23","slug":"ajuts-material-escolar-2021-22","status":"publish","type":"post","link":"https:\/\/agora.xtec.cat\/iescalgravat\/general\/ajuts-material-escolar-2021-22\/","title":{"rendered":"AJUTS MATERIAL ESCOLAR 2021-22"},"content":{"rendered":"<p>En quan als Ajuts de material escolar de l&#8217;Ajuntament de Manresa pel proper curs escolar 2021-22.<\/p>\n<ul>\n<li style=\"font-weight: 400; text-align: justify;\"><strong>Del 14 al 18 de juny<\/strong>: poden demanar els ajuts les fam\u00edlies de 1r. ESO juntament amb la matricula i enviar-la a <em><strong>oficines@icalgravat.cat<\/strong><\/em>. <strong><a href=\"https:\/\/agora.xtec.cat\/iescalgravat\/wp-content\/uploads\/usu63\/2021\/06\/Sollicitud-ajut-material-escolar.pdf\">Sol\u00b7licitud ajut material escolar<\/a><\/strong><\/li>\n<li style=\"text-align: justify;\"><strong>Del<\/strong> <strong style=\"font-family: inherit; font-size: 1em;\">21 de juny al 15 de juliol<\/strong><span style=\"font-family: inherit; font-size: 1em;\">: sol\u00b7licitud online per la resta de fam\u00edlies dels altres cursos: a trav\u00e9s d\u2019idcat o sense certificat. PRIORITARIAMENT. Trobaran l\u2019enlla\u00e7 a partir del dia 21 de juny a \u00a0<\/span><a style=\"font-family: inherit; font-size: 1em;\" href=\"http:\/\/www.manresa.cat\/ajutsescolars\" data-saferedirecturl=\"https:\/\/www.google.com\/url?q=http:\/\/www.manresa.cat\/ajutsescolars&amp;source=gmail&amp;ust=1623836493153000&amp;usg=AFQjCNHYXdsohOCdvgnIEJ8waiPJUpKgTg\">www.manresa.cat\/ajutsescolars<\/a><\/li>\n<li style=\"font-weight: 400; text-align: justify;\"><strong>De l&#8217;1<\/strong> <strong style=\"font-family: inherit; font-size: 1em;\">al 15 de juliol<\/strong><span style=\"font-family: inherit; font-size: 1em;\">: amb cita pr\u00e8via, fam\u00edlies que no tinguin mitjans t\u00e8cnics per a realitzar la sol\u00b7licitud online. S\u2019obrir\u00e0 el calendari\u00a0<\/span><strong style=\"font-family: inherit; font-size: 1em;\">de cites pr\u00e8vies a partir del dia 28 de juny<\/strong><span style=\"font-family: inherit; font-size: 1em;\">. A<\/span>l tel\u00e8fon\u00a0<em style=\"font-family: inherit; font-size: 1em;\">93 8752485,<\/em><span style=\"font-family: inherit; font-size: 1em;\">\u00a0o al mail<\/span><em style=\"font-family: inherit; font-size: 1em;\">\u00a0<\/em><a style=\"font-family: inherit; font-size: 1em;\" href=\"mailto:ensenyament@ajmanresa.cat\">ensenyament@ajmanresa.cat<\/a><\/li>\n<\/ul>\n","protected":false},"excerpt":{"rendered":"<p>En quan als Ajuts de material escolar de l&#8217;Ajuntament de Manresa pel proper curs escolar 2021-22.<\/p>\n<ul>\n<li style=\"font-weight: 400; text-align: justify;\">Del 14 al 18 de juny: poden demanar els ajuts les fam\u00edlies de 1r. ESO juntament amb la matricula i enviar-la a oficines@icalgravat.cat. <a href=\"https:\/\/agora.xtec.cat\/iescalgravat\/wp-content\/uploads\/usu63\/2021\/06\/Sollicitud-ajut-material-escolar.pdf\">Sol\u00b7licitud ajut&hellip;  <a href=\"https:\/\/agora.xtec.cat\/iescalgravat\/general\/ajuts-material-escolar-2021-22\/\" title=\"Read AJUTS MATERIAL ESCOLAR 2021-22\">Llegeix m\u00e9s\u00bb<\/a><br \/>\n","protected":false},"author":1,"featured_media":3619,"comment_status":"open","ping_status":"closed","sticky":false,"template":"","format":"standard","meta":{"_bbp_topic_count":0,"_bbp_reply_count":0,"_bbp_total_topic_count":0,"_bbp_total_reply_count":0,"_bbp_voice_count":0,"_bbp_anonymous_reply_count":0,"_bbp_topic_count_hidden":0,"_bbp_reply_count_hidden":0,"_bbp_forum_subforum_count":0,"footnotes":""},"categories":[3,1],"tags":[],"class_list":["post-4055","post","type-post","status-publish","format-standard","has-post-thumbnail","hentry","category-eso","category-general"],"post_mailing_queue_ids":[],"_links":{"self":[{"href":"https:\/\/agora.xtec.cat\/iescalgravat\/wp-json\/wp\/v2\/posts\/4055","targetHints":{"allow":["GET"]}}],"collection":[{"href":"https:\/\/agora.xtec.cat\/iescalgravat\/wp-json\/wp\/v2\/posts"}],"about":[{"href":"https:\/\/agora.xtec.cat\/iescalgravat\/wp-json\/wp\/v2\/types\/post"}],"author":[{"embeddable":true,"href":"https:\/\/agora.xtec.cat\/iescalgravat\/wp-json\/wp\/v2\/users\/1"}],"replies":[{"embeddable":true,"href":"https:\/\/agora.xtec.cat\/iescalgravat\/wp-json\/wp\/v2\/comments?post=4055"}],"version-history":[{"count":1,"href":"https:\/\/agora.xtec.cat\/iescalgravat\/wp-json\/wp\/v2\/posts\/4055\/revisions"}],"predecessor-version":[{"id":4057,"href":"https:\/\/agora.xtec.cat\/iescalgravat\/wp-json\/wp\/v2\/posts\/4055\/revisions\/4057"}],"wp:featuredmedia":[{"embeddable":true,"href":"https:\/\/agora.xtec.cat\/iescalgravat\/wp-json\/wp\/v2\/media\/3619"}],"wp:attachment":[{"href":"https:\/\/agora.xtec.cat\/iescalgravat\/wp-json\/wp\/v2\/media?parent=4055"}],"wp:term":[{"taxonomy":"category","embeddable":true,"href":"https:\/\/agora.xtec.cat\/iescalgravat\/wp-json\/wp\/v2\/categories?post=4055"},{"taxonomy":"post_tag","embeddable":true,"href":"https:\/\/agora.xtec.cat\/iescalgravat\/wp-json\/wp\/v2\/tags?post=4055"}],"curies":[{"name":"wp","href":"https:\/\/api.w.org\/{rel}","templated":true}]}}