{"id":4051,"date":"2021-06-08T11:14:13","date_gmt":"2021-06-08T09:14:13","guid":{"rendered":"https:\/\/agora.xtec.cat\/iescalgravat\/?p=4051"},"modified":"2021-09-28T09:22:00","modified_gmt":"2021-09-28T07:22:00","slug":"barem-provisional-batxillerat","status":"publish","type":"post","link":"https:\/\/agora.xtec.cat\/iescalgravat\/general\/barem-provisional-batxillerat\/","title":{"rendered":"BAREM PROVISIONAL BATXILLERAT"},"content":{"rendered":"<div class=\"list-item-wrapper\">\n<div class=\"col content-col\">\n<h4>8 de juny de 2021: llista de sol\u00b7licituds amb la puntuaci\u00f3 provisional.<strong> <a href=\"https:\/\/agora.xtec.cat\/iescalgravat\/wp-content\/uploads\/usu63\/2021\/06\/INFORME_BAREM_PROVISIONAL_BAREM-1.pdf\">BAREM_PROVISIONAL<\/a><\/strong><\/h4>\n<div class=\"bloc-mobil\">\n<div class=\"descripcio\">\n<p>En aquesta llista hi ha les sol\u00b7licituds ordenades alfab\u00e8ticament amb la puntuaci\u00f3 que ha rebut cada sol\u00b7licitud en aplicar-hi el barem.<\/p>\n<\/div>\n<\/div>\n<\/div>\n<div class=\"col content-col\">\n<h4>Del 9 al 15 de juny de 2021: presentaci\u00f3 de reclamacions<\/h4>\n<div class=\"bloc-mobil\">\n<div class=\"descripcio\">\n<p>Per\u00edode en qu\u00e8 es recullen les reclamacions que les fam\u00edlies puguin presentar, si \u00e9s que es detecta alguna errada o anomalia en el barem assignat.<\/p>\n<\/div>\n<\/div>\n<\/div>\n<div class=\"col content-col\">\n<h4>18 de juny de 2021: llista de sol\u00b7licituds amb la puntuaci\u00f3 un cop resoltes les reclamacions<\/h4>\n<div class=\"bloc-mobil\">\n<div class=\"descripcio\">\n<p>Un cop resoltes totes les reclamacions presentades, el centre publica la llista de sol\u00b7licituds amb la puntuaci\u00f3 corresponent i el seu n\u00famero de desempat.<\/p>\n<\/div>\n<\/div>\n<\/div>\n<div class=\"col content-col\">\n<div class=\"bloc-mobil\"><span style=\"font-size: 1.4375em; font-weight: bold;\">23 de juny de 2021: llista ordenada<\/span><\/div>\n<\/div>\n<div class=\"col content-col\">\n<div class=\"bloc-mobil\">\n<div class=\"descripcio\">\n<p>Despr\u00e9s del sorteig, s&#8217;elabora la llista ordenada de sol\u00b7licituds per a l&#8217;assignaci\u00f3 de places, que es fa considerant en primer lloc l&#8217;alumnat amb necessitats educatives espec\u00edfiques, i despr\u00e9s, la resta d&#8217;alumnes, tenint en compte les puntuacions de cada sol\u00b7licitud, de m\u00e9s a menys.<\/p>\n<h4>9 de juliol de 2021: llista d&#8217;alumnes admesos i llista d&#8217;espera<\/h4>\n<div class=\"bloc-mobil\">\n<div class=\"descripcio\">\n<p>Finalment, publicaci\u00f3 de la llista d&#8217;alumnes admesos al centre i de la llista d&#8217;espera. La llista d&#8217;espera d&#8217;un centre t\u00e9 una validesa temporal, normalment fins al mes de setembre, i serveix per si hi ha alguna pla\u00e7a que queda vacant abans de l&#8217;inici del curs escolar.<\/p>\n<h4>Del 12 al 16 de juliol de 2021: matriculaci\u00f3 ordin\u00e0ria<\/h4>\n<div class=\"bloc-mobil\">\n<div class=\"descripcio\">\n<p>Un cop s&#8217;ha publicat la llista final d&#8217;alumnes admesos en cada centre, comen\u00e7a el per\u00edode de matriculaci\u00f3 dels preinscrits amb pla\u00e7a assignada.<\/p>\n<\/div>\n<\/div>\n<\/div>\n<\/div>\n<p>&nbsp;<\/p>\n<\/div>\n<\/div>\n<\/div>\n<\/div>\n","protected":false},"excerpt":{"rendered":"<p>8 de juny de 2021: llista de sol\u00b7licituds amb la puntuaci\u00f3 provisional. <a href=\"https:\/\/agora.xtec.cat\/iescalgravat\/wp-content\/uploads\/usu63\/2021\/06\/INFORME_BAREM_PROVISIONAL_BAREM-1.pdf\">BAREM_PROVISIONAL<\/a><\/p>\n<p>En aquesta llista hi ha les sol\u00b7licituds ordenades alfab\u00e8ticament amb la puntuaci\u00f3 que ha rebut cada sol\u00b7licitud en aplicar-hi el barem.<\/p>\n<p>Del 9 al 15 de juny de 2021: presentaci\u00f3 de reclamacions<\/p>\n<p>Per\u00edode en&hellip;  <a href=\"https:\/\/agora.xtec.cat\/iescalgravat\/general\/barem-provisional-batxillerat\/\" title=\"Read BAREM PROVISIONAL BATXILLERAT\">Llegeix m\u00e9s\u00bb<\/a><\/p>\n","protected":false},"author":1,"featured_media":0,"comment_status":"open","ping_status":"closed","sticky":false,"template":"","format":"standard","meta":{"_bbp_topic_count":0,"_bbp_reply_count":0,"_bbp_total_topic_count":0,"_bbp_total_reply_count":0,"_bbp_voice_count":0,"_bbp_anonymous_reply_count":0,"_bbp_topic_count_hidden":0,"_bbp_reply_count_hidden":0,"_bbp_forum_subforum_count":0,"footnotes":""},"categories":[8,1],"tags":[],"class_list":["post-4051","post","type-post","status-publish","format-standard","hentry","category-batxillerat","category-general"],"post_mailing_queue_ids":[],"_links":{"self":[{"href":"https:\/\/agora.xtec.cat\/iescalgravat\/wp-json\/wp\/v2\/posts\/4051","targetHints":{"allow":["GET"]}}],"collection":[{"href":"https:\/\/agora.xtec.cat\/iescalgravat\/wp-json\/wp\/v2\/posts"}],"about":[{"href":"https:\/\/agora.xtec.cat\/iescalgravat\/wp-json\/wp\/v2\/types\/post"}],"author":[{"embeddable":true,"href":"https:\/\/agora.xtec.cat\/iescalgravat\/wp-json\/wp\/v2\/users\/1"}],"replies":[{"embeddable":true,"href":"https:\/\/agora.xtec.cat\/iescalgravat\/wp-json\/wp\/v2\/comments?post=4051"}],"version-history":[{"count":2,"href":"https:\/\/agora.xtec.cat\/iescalgravat\/wp-json\/wp\/v2\/posts\/4051\/revisions"}],"predecessor-version":[{"id":4054,"href":"https:\/\/agora.xtec.cat\/iescalgravat\/wp-json\/wp\/v2\/posts\/4051\/revisions\/4054"}],"wp:attachment":[{"href":"https:\/\/agora.xtec.cat\/iescalgravat\/wp-json\/wp\/v2\/media?parent=4051"}],"wp:term":[{"taxonomy":"category","embeddable":true,"href":"https:\/\/agora.xtec.cat\/iescalgravat\/wp-json\/wp\/v2\/categories?post=4051"},{"taxonomy":"post_tag","embeddable":true,"href":"https:\/\/agora.xtec.cat\/iescalgravat\/wp-json\/wp\/v2\/tags?post=4051"}],"curies":[{"name":"wp","href":"https:\/\/api.w.org\/{rel}","templated":true}]}}