{"id":3958,"date":"2021-04-19T10:10:17","date_gmt":"2021-04-19T08:10:17","guid":{"rendered":"https:\/\/agora.xtec.cat\/iescalgravat\/?p=3958"},"modified":"2021-09-28T09:28:25","modified_gmt":"2021-09-28T07:28:25","slug":"llistes-preinscripcio-eso-puntuacio-provisional","status":"publish","type":"post","link":"https:\/\/agora.xtec.cat\/iescalgravat\/general\/llistes-preinscripcio-eso-puntuacio-provisional\/","title":{"rendered":"LLISTES PREINSCRIPCI\u00d3 ESO PUNTUACI\u00d3"},"content":{"rendered":"<h5>Podeu consultar les llista ordenada amb la puntuaci\u00f3: <a href=\"https:\/\/agora.xtec.cat\/iescalgravat\/wp-content\/uploads\/usu63\/2021\/04\/INFORME_BAREM_ORDENAT.pdf\">INFORME_BAREM_ORDENAT<\/a><\/h5>\n<div class=\"elementor-element elementor-element-32155c2 elementor-widget elementor-widget-text-editor\" data-id=\"32155c2\" data-element_type=\"widget\" data-widget_type=\"text-editor.default\">\n<div class=\"elementor-widget-container\">\n<div class=\"elementor-text-editor elementor-clearfix\">\n<ul>\n<li style=\"text-align: justify;\">Ampliaci\u00f3 de peticions per a les sol\u00b7licituds de preinscripci\u00f3 sense assignaci\u00f3: a partir del 26 al 28 de maig (utilitzant la p\u00e0gina web).<\/li>\n<li style=\"text-align: justify;\">Publicaci\u00f3 de l\u2019oferta definitiva de places: disponible a partir del final 4 de juny.<\/li>\n<li style=\"text-align: justify;\">Publicaci\u00f3 de les llistes d\u2019alumnat adm\u00e8s i, si escau, de la llista d\u2019espera: disponible a partir del 7 juny.<\/li>\n<li style=\"text-align: justify;\">Per\u00edode de MATR\u00cdCULA del 14 al 18 de juny. Un cop es publiqui la llista d\u2019alumnat adm\u00e8s, us enviarem des de l\u2019adre\u00e7a <strong>oficines@icalgravat.net<\/strong>, informaci\u00f3 sobre la matr\u00edcula en el vostre mail.<\/li>\n<\/ul>\n<\/div>\n<\/div>\n<\/div>\n","protected":false},"excerpt":{"rendered":"<p>Podeu consultar les llista ordenada amb la puntuaci\u00f3: <a href=\"https:\/\/agora.xtec.cat\/iescalgravat\/wp-content\/uploads\/usu63\/2021\/04\/INFORME_BAREM_ORDENAT.pdf\">INFORME_BAREM_ORDENAT<\/a><\/p>\n<ul>\n<li style=\"text-align: justify;\">Ampliaci\u00f3 de peticions per a les sol\u00b7licituds de preinscripci\u00f3 sense assignaci\u00f3: a partir del 26 al 28 de maig (utilitzant la p\u00e0gina web).<\/li>\n<li style=\"text-align: justify;\">Publicaci\u00f3 de l\u2019oferta definitiva de places: disponible a partir del&hellip;  <a href=\"https:\/\/agora.xtec.cat\/iescalgravat\/general\/llistes-preinscripcio-eso-puntuacio-provisional\/\" title=\"Read LLISTES PREINSCRIPCI\u00d3 ESO PUNTUACI\u00d3\">Llegeix m\u00e9s\u00bb<\/a><br \/>\n","protected":false},"author":1,"featured_media":0,"comment_status":"open","ping_status":"closed","sticky":false,"template":"","format":"standard","meta":{"_bbp_topic_count":0,"_bbp_reply_count":0,"_bbp_total_topic_count":0,"_bbp_total_reply_count":0,"_bbp_voice_count":0,"_bbp_anonymous_reply_count":0,"_bbp_topic_count_hidden":0,"_bbp_reply_count_hidden":0,"_bbp_forum_subforum_count":0,"footnotes":""},"categories":[3,1],"tags":[],"class_list":["post-3958","post","type-post","status-publish","format-standard","hentry","category-eso","category-general"],"post_mailing_queue_ids":[],"_links":{"self":[{"href":"https:\/\/agora.xtec.cat\/iescalgravat\/wp-json\/wp\/v2\/posts\/3958","targetHints":{"allow":["GET"]}}],"collection":[{"href":"https:\/\/agora.xtec.cat\/iescalgravat\/wp-json\/wp\/v2\/posts"}],"about":[{"href":"https:\/\/agora.xtec.cat\/iescalgravat\/wp-json\/wp\/v2\/types\/post"}],"author":[{"embeddable":true,"href":"https:\/\/agora.xtec.cat\/iescalgravat\/wp-json\/wp\/v2\/users\/1"}],"replies":[{"embeddable":true,"href":"https:\/\/agora.xtec.cat\/iescalgravat\/wp-json\/wp\/v2\/comments?post=3958"}],"version-history":[{"count":3,"href":"https:\/\/agora.xtec.cat\/iescalgravat\/wp-json\/wp\/v2\/posts\/3958\/revisions"}],"predecessor-version":[{"id":4011,"href":"https:\/\/agora.xtec.cat\/iescalgravat\/wp-json\/wp\/v2\/posts\/3958\/revisions\/4011"}],"wp:attachment":[{"href":"https:\/\/agora.xtec.cat\/iescalgravat\/wp-json\/wp\/v2\/media?parent=3958"}],"wp:term":[{"taxonomy":"category","embeddable":true,"href":"https:\/\/agora.xtec.cat\/iescalgravat\/wp-json\/wp\/v2\/categories?post=3958"},{"taxonomy":"post_tag","embeddable":true,"href":"https:\/\/agora.xtec.cat\/iescalgravat\/wp-json\/wp\/v2\/tags?post=3958"}],"curies":[{"name":"wp","href":"https:\/\/api.w.org\/{rel}","templated":true}]}}