{"id":3923,"date":"2021-03-19T18:05:08","date_gmt":"2021-03-19T17:05:08","guid":{"rendered":"https:\/\/agora.xtec.cat\/iescalgravat\/?p=3923"},"modified":"2021-06-30T20:40:05","modified_gmt":"2021-06-30T18:40:05","slug":"preinscripcions-eso-curs-2021-22","status":"publish","type":"post","link":"https:\/\/agora.xtec.cat\/iescalgravat\/general\/preinscripcions-eso-curs-2021-22\/","title":{"rendered":"PREINSCRIPCIONS ESO CURS 2021-22"},"content":{"rendered":"<p>La sol\u00b7licitud es pot fer del 17 al 24 de mar\u00e7. <strong><a href=\"http:\/\/educacio.gencat.cat\/ca\/tramits\/tramits-temes\/20483-obligatoris?moda=3\">Acc\u00e9s a la sol\u00b7licitud<\/a>.<\/strong><\/p>\n<div class=\"elementor-element elementor-element-c7c8d36 elementor-widget elementor-widget-text-editor\" data-id=\"c7c8d36\" data-element_type=\"widget\" data-widget_type=\"text-editor.default\">\n<div class=\"elementor-widget-container\">\n<div class=\"elementor-text-editor elementor-clearfix\">\n<h5><strong>CONSULTES I TUTORIALS<\/strong><\/h5>\n<p>Podeu enviar un correu electr\u00f2nic a l\u2019email: <a href=\"mailto:premat@inskta.cat\">oficines@icalgravat.net<\/a><\/p>\n<p>Podeu trucar al tel\u00e8fon <a href=\"telf:938742368\">938742368<\/a><\/p>\n<p>Per a m\u00e9s informaci\u00f3 consulteu la web de preinscripci\u00f3 clicant el seg\u00fcent enlla\u00e7: <a href=\"https:\/\/preinscripcio.gencat.cat\/ca\/estudis\/eso\/inici\/\">https:\/\/preinscripcio.gencat.cat\/ca\/estudis\/eso\/inici\/<\/a><\/p>\n<p><iframe loading=\"lazy\" src=\"\/\/www.youtube.com\/embed\/7Jz8gYBFCFM\" width=\"280\" height=\"160\" frameborder=\"0\"><\/iframe><iframe loading=\"lazy\" src=\"\/\/www.youtube.com\/embed\/0l6JyatO37E\" width=\"315\" height=\"160\" frameborder=\"0\"><\/iframe><iframe loading=\"lazy\" src=\"\/\/www.youtube.com\/embed\/OuhbC06EQSs\" width=\"315\" height=\"160\" frameborder=\"0\"><\/iframe><\/p>\n<h5><strong>CENTRES ADSCRITS A CAL GRAVAT:<\/strong><\/h5>\n<div class=\"elementor-element elementor-element-507a95c elementor-widget elementor-widget-text-editor\" data-id=\"507a95c\" data-element_type=\"widget\" data-widget_type=\"text-editor.default\">\n<div class=\"elementor-widget-container\">\n<div class=\"elementor-text-editor elementor-clearfix\">\n<ul>\n<li>08017992 Escola Montserrat (Sant Salvador de Guardiola)<\/li>\n<li>08038181 Escola Serra i H\u00fanter (Manresa)<\/li>\n<li>08043759 L\u2019Espill (Manresa)<\/li>\n<li>08044016 Escola Flama (Sant Fruit\u00f3s de Bages)<\/li>\n<li>08059755 Escola La Font (Manresa)<\/li>\n<li>08064741 Escola \u00cdtaca (Manresa)<\/li>\n<li>08067600 Escola Valldaura (Manresa)<\/li>\n<li>08020012 Escola Muntanya del Drac (Manresa)<\/li>\n<\/ul>\n<h5><strong>CALENDARI<\/strong><\/h5>\n<div class=\"elementor-element elementor-element-32155c2 elementor-widget elementor-widget-text-editor\" data-id=\"32155c2\" data-element_type=\"widget\" data-widget_type=\"text-editor.default\">\n<div class=\"elementor-widget-container\">\n<div class=\"elementor-text-editor elementor-clearfix\">\n<ul>\n<li>Publicaci\u00f3 de l\u2019oferta inicial de places.<a href=\"https:\/\/agora.xtec.cat\/iescalgravat\/wp-content\/uploads\/usu63\/2021\/03\/Captura-de-Pantalla-2021-03-19-a-les-17.51.35.png\"><img loading=\"lazy\" decoding=\"async\" class=\"aligncenter wp-image-3925 \" src=\"https:\/\/agora.xtec.cat\/iescalgravat\/wp-content\/uploads\/usu63\/2021\/03\/Captura-de-Pantalla-2021-03-19-a-les-17.51.35.png\" alt=\"\" width=\"639\" height=\"220\" srcset=\"https:\/\/agora.xtec.cat\/iescalgravat\/wp-content\/uploads\/usu63\/2021\/03\/Captura-de-Pantalla-2021-03-19-a-les-17.51.35.png 494w, https:\/\/agora.xtec.cat\/iescalgravat\/wp-content\/uploads\/usu63\/2021\/03\/Captura-de-Pantalla-2021-03-19-a-les-17.51.35-300x103.png 300w\" sizes=\"auto, (max-width: 639px) 100vw, 639px\" \/><\/a><\/li>\n<li>Llistes amb la puntuaci\u00f3 provisional: disponible a partir del 19 d\u2019abril.<\/li>\n<li>Reclamacions de la puntuaci\u00f3 provisional del 20 al 26 d\u2019abril.<br \/>\n(utilitzant l\u2019eina electr\u00f2nica per adjuntar les reclamacions. Disponible a partir del dia 20 d\u2019abril).<\/li>\n<li>Llistes amb la puntuaci\u00f3: disponible a partir del 30 d\u2019abril.<\/li>\n<li>Publicaci\u00f3 de la llista ordenada: disponible a partir del 7 de maig.<\/li>\n<li>Ampliaci\u00f3 de peticions per a les sol\u00b7licituds de preinscripci\u00f3 sense assignaci\u00f3: a partir del 26 al 28 de maig (utilitzant la p\u00e0gina web).<\/li>\n<li>Publicaci\u00f3 de l\u2019oferta definitiva de places: disponible a partir del final 4 de juny.<\/li>\n<li>Publicaci\u00f3 de les llistes d\u2019alumnat adm\u00e8s i, si escau, de la llista d\u2019espera: disponible a partir del 7 de juny.<\/li>\n<li>Per\u00edode de MATR\u00cdCULA del 14 al 18 de juny. Un cop es publiqui la llista d\u2019alumnat adm\u00e8s, us enviarem des de l\u2019adre\u00e7a oficines@icalgravat.net, tota la informaci\u00f3 de com formalitzar la matr\u00edcula en el correu electr\u00f2nic que vau informar a la preinscripci\u00f3<\/li>\n<\/ul>\n<\/div>\n<\/div>\n<\/div>\n<div class=\"elementor-element elementor-element-6fb832c elementor-widget elementor-widget-spacer\" data-id=\"6fb832c\" data-element_type=\"widget\" data-widget_type=\"spacer.default\">\n<div class=\"elementor-widget-container\">\n<div class=\"elementor-spacer\">\n<div class=\"elementor-spacer-inner\"><\/div>\n<\/div>\n<\/div>\n<\/div>\n<\/div>\n<\/div>\n<\/div>\n<\/div>\n<\/div>\n<\/div>\n","protected":false},"excerpt":{"rendered":"<p>La sol\u00b7licitud es pot fer del 17 al 24 de mar\u00e7. <a href=\"http:\/\/educacio.gencat.cat\/ca\/tramits\/tramits-temes\/20483-obligatoris?moda=3\">Acc\u00e9s a la sol\u00b7licitud<\/a>.<\/p>\n<p>CONSULTES I TUTORIALS<br \/>\nPodeu enviar un correu electr\u00f2nic a l\u2019email: <a href=\"mailto:premat@inskta.cat\">oficines@icalgravat.net<\/a><br \/>\nPodeu trucar al tel\u00e8fon <a href=\"telf:938742368\">938742368<\/a><br \/>\nPer a m\u00e9s informaci\u00f3 consulteu la web de preinscripci\u00f3 clicant el seg\u00fcent enlla\u00e7: <a href=\"https:\/\/preinscripcio.gencat.cat\/ca\/estudis\/eso\/inici\/\">https:\/\/preinscripcio.gencat.cat\/ca\/estudis\/eso\/inici\/<\/a><\/p>\n<p>CENTRES&hellip;  <a href=\"https:\/\/agora.xtec.cat\/iescalgravat\/general\/preinscripcions-eso-curs-2021-22\/\" title=\"Read PREINSCRIPCIONS ESO CURS 2021-22\">Llegeix m\u00e9s\u00bb<\/a><\/p>\n","protected":false},"author":1,"featured_media":3927,"comment_status":"open","ping_status":"closed","sticky":false,"template":"","format":"standard","meta":{"_bbp_topic_count":0,"_bbp_reply_count":0,"_bbp_total_topic_count":0,"_bbp_total_reply_count":0,"_bbp_voice_count":0,"_bbp_anonymous_reply_count":0,"_bbp_topic_count_hidden":0,"_bbp_reply_count_hidden":0,"_bbp_forum_subforum_count":0,"footnotes":""},"categories":[31,3,4,1],"tags":[],"class_list":["post-3923","post","type-post","status-publish","format-standard","has-post-thumbnail","hentry","category-ampa","category-eso","category-eso-1","category-general"],"post_mailing_queue_ids":[],"_links":{"self":[{"href":"https:\/\/agora.xtec.cat\/iescalgravat\/wp-json\/wp\/v2\/posts\/3923","targetHints":{"allow":["GET"]}}],"collection":[{"href":"https:\/\/agora.xtec.cat\/iescalgravat\/wp-json\/wp\/v2\/posts"}],"about":[{"href":"https:\/\/agora.xtec.cat\/iescalgravat\/wp-json\/wp\/v2\/types\/post"}],"author":[{"embeddable":true,"href":"https:\/\/agora.xtec.cat\/iescalgravat\/wp-json\/wp\/v2\/users\/1"}],"replies":[{"embeddable":true,"href":"https:\/\/agora.xtec.cat\/iescalgravat\/wp-json\/wp\/v2\/comments?post=3923"}],"version-history":[{"count":3,"href":"https:\/\/agora.xtec.cat\/iescalgravat\/wp-json\/wp\/v2\/posts\/3923\/revisions"}],"predecessor-version":[{"id":3932,"href":"https:\/\/agora.xtec.cat\/iescalgravat\/wp-json\/wp\/v2\/posts\/3923\/revisions\/3932"}],"wp:featuredmedia":[{"embeddable":true,"href":"https:\/\/agora.xtec.cat\/iescalgravat\/wp-json\/wp\/v2\/media\/3927"}],"wp:attachment":[{"href":"https:\/\/agora.xtec.cat\/iescalgravat\/wp-json\/wp\/v2\/media?parent=3923"}],"wp:term":[{"taxonomy":"category","embeddable":true,"href":"https:\/\/agora.xtec.cat\/iescalgravat\/wp-json\/wp\/v2\/categories?post=3923"},{"taxonomy":"post_tag","embeddable":true,"href":"https:\/\/agora.xtec.cat\/iescalgravat\/wp-json\/wp\/v2\/tags?post=3923"}],"curies":[{"name":"wp","href":"https:\/\/api.w.org\/{rel}","templated":true}]}}