{"id":3870,"date":"2021-02-12T20:47:38","date_gmt":"2021-02-12T19:47:38","guid":{"rendered":"https:\/\/agora.xtec.cat\/iescalgravat\/?p=3870"},"modified":"2021-03-26T20:36:55","modified_gmt":"2021-03-26T19:36:55","slug":"dia-de-les-dones-100tifiques","status":"publish","type":"post","link":"https:\/\/agora.xtec.cat\/iescalgravat\/general\/dia-de-les-dones-100tifiques\/","title":{"rendered":"DIA DE LES DONES 100TIFIQUES"},"content":{"rendered":"<p><span class=\"css-901oao css-16my406 r-poiln3 r-bcqeeo r-qvutc0\">El dijous 11 de febrer \u00e9s el Dia de les Dones i les Nenes en la Ci\u00e8ncia <\/span><span class=\"r-18u37iz\"><a class=\"css-4rbku5 css-18t94o4 css-901oao css-16my406 r-1n1174f r-1loqt21 r-poiln3 r-bcqeeo r-qvutc0\" dir=\"ltr\" role=\"link\" href=\"https:\/\/twitter.com\/hashtag\/DiaDonesiCi\u00e8ncia?src=hashtag_click\" data-focusable=\"true\">#DiaDonesiCi\u00e8ncia.\u00a0<\/a><\/span> Per commemorar-ho a<span class=\"css-901oao css-16my406 r-poiln3 r-bcqeeo r-qvutc0\"> les 11h, m\u00e9s de 450 <\/span><span class=\"r-18u37iz\"><a class=\"css-4rbku5 css-18t94o4 css-901oao css-16my406 r-1n1174f r-1loqt21 r-poiln3 r-b88u0q r-bcqeeo r-qvutc0\" dir=\"ltr\" role=\"link\" href=\"https:\/\/twitter.com\/hashtag\/100t\u00edfiques?src=hashtag_click\" data-focusable=\"true\">#100t\u00edfiques<\/a><\/span><span class=\"css-901oao css-16my406 r-poiln3 r-bcqeeo r-qvutc0\"> fomentaran l&#8217;impuls de les vocacions cient\u00edfiques a les escoles i promouran l&#8217;acc\u00e9s de les noies als estudis cient\u00edfics i tecnol\u00f2gics.<\/span><\/p>\n<p><span class=\"css-901oao css-16my406 r-poiln3 r-bcqeeo r-qvutc0\">L&#8217;alumnat de <\/span><span class=\"r-18u37iz\"><a class=\"css-4rbku5 css-18t94o4 css-901oao css-16my406 r-1n1174f r-1loqt21 r-poiln3 r-bcqeeo r-qvutc0\" dir=\"ltr\" role=\"link\" href=\"https:\/\/twitter.com\/hashtag\/1rESO?src=hashtag_click\" data-focusable=\"true\">#1rESO<\/a><\/span><span class=\"css-901oao css-16my406 r-poiln3 r-bcqeeo r-qvutc0\"> ha participat a la Jornada de <\/span><span class=\"r-18u37iz\"><a class=\"css-4rbku5 css-18t94o4 css-901oao css-16my406 r-1n1174f r-1loqt21 r-poiln3 r-bcqeeo r-qvutc0\" dir=\"ltr\" role=\"link\" href=\"https:\/\/twitter.com\/hashtag\/100tifiques?src=hashtag_click\" data-focusable=\"true\">#100tifiques<\/a><\/span><span class=\"css-901oao css-16my406 r-poiln3 r-bcqeeo r-qvutc0\"> amb diferents activitats, entre les quals:<\/span><\/p>\n<ul>\n<li><span class=\"css-901oao css-16my406 r-poiln3 r-bcqeeo r-qvutc0\">La xerrada de Maria Flors Mor, Estudiant M\u00e0ster Computaci\u00f3 Qu\u00e0ntica <\/span><span class=\"r-18u37iz\"><a class=\"css-4rbku5 css-18t94o4 css-901oao css-16my406 r-1n1174f r-1loqt21 r-poiln3 r-bcqeeo r-qvutc0\" dir=\"ltr\" role=\"link\" href=\"https:\/\/twitter.com\/tudelft\" data-focusable=\"true\">@tudelft<\/a><\/span><\/li>\n<li>Les activitats Inventor\/inventora<\/li>\n<li>Exposici\u00f3 al vestibul<\/li>\n<\/ul>\n<table style=\"height: 165px; width: 474px;\" width=\"1029\">\n<tbody>\n<tr>\n<td style=\"width: 148px;\"><a href=\"https:\/\/agora.xtec.cat\/iescalgravat\/wp-content\/uploads\/usu63\/2021\/02\/PHOTO-2021-02-12-17-51-10.jpg\"><img loading=\"lazy\" decoding=\"async\" class=\"aligncenter wp-image-3878 size-thumbnail\" src=\"https:\/\/agora.xtec.cat\/iescalgravat\/wp-content\/uploads\/usu63\/2021\/02\/PHOTO-2021-02-12-17-51-10-150x150.jpg\" alt=\"\" width=\"150\" height=\"150\" \/><\/a><\/td>\n<td style=\"width: 162px;\"><a href=\"https:\/\/agora.xtec.cat\/iescalgravat\/wp-content\/uploads\/usu63\/2021\/02\/PHOTO-2021-02-12-17-50-42_2.jpg\"><img loading=\"lazy\" decoding=\"async\" class=\"aligncenter wp-image-3875 size-thumbnail\" src=\"https:\/\/agora.xtec.cat\/iescalgravat\/wp-content\/uploads\/usu63\/2021\/02\/PHOTO-2021-02-12-17-50-42_2-150x150.jpg\" alt=\"\" width=\"150\" height=\"150\" \/><\/a><\/td>\n<td style=\"width: 154px;\"><a href=\"https:\/\/agora.xtec.cat\/iescalgravat\/wp-content\/uploads\/usu63\/2021\/02\/PHOTO-2021-02-12-17-50-42_1.jpg\"><img loading=\"lazy\" decoding=\"async\" class=\"aligncenter wp-image-3874 size-thumbnail\" src=\"https:\/\/agora.xtec.cat\/iescalgravat\/wp-content\/uploads\/usu63\/2021\/02\/PHOTO-2021-02-12-17-50-42_1-150x150.jpg\" alt=\"\" width=\"150\" height=\"150\" \/><\/a><\/td>\n<\/tr>\n<tr>\n<td style=\"width: 148px;\"><a href=\"https:\/\/agora.xtec.cat\/iescalgravat\/wp-content\/uploads\/usu63\/2021\/02\/PHOTO-2021-02-12-17-51-11_1.jpg\"><img loading=\"lazy\" decoding=\"async\" class=\"aligncenter wp-image-3879 size-thumbnail\" src=\"https:\/\/agora.xtec.cat\/iescalgravat\/wp-content\/uploads\/usu63\/2021\/02\/PHOTO-2021-02-12-17-51-11_1-150x150.jpg\" alt=\"\" width=\"150\" height=\"150\" \/><\/a><\/td>\n<td style=\"width: 162px;\"><a href=\"https:\/\/agora.xtec.cat\/iescalgravat\/wp-content\/uploads\/usu63\/2021\/02\/PHOTO-2021-02-12-17-51-11.jpg\"><img loading=\"lazy\" decoding=\"async\" class=\"aligncenter wp-image-3880 size-thumbnail\" src=\"https:\/\/agora.xtec.cat\/iescalgravat\/wp-content\/uploads\/usu63\/2021\/02\/PHOTO-2021-02-12-17-51-11-150x150.jpg\" alt=\"\" width=\"150\" height=\"150\" \/><\/a><\/td>\n<td style=\"width: 154px;\"><a href=\"https:\/\/agora.xtec.cat\/iescalgravat\/wp-content\/uploads\/usu63\/2021\/02\/PHOTO-2021-02-12-17-51-10_1.jpg\"><img loading=\"lazy\" decoding=\"async\" class=\"aligncenter wp-image-3877 size-thumbnail\" src=\"https:\/\/agora.xtec.cat\/iescalgravat\/wp-content\/uploads\/usu63\/2021\/02\/PHOTO-2021-02-12-17-51-10_1-150x150.jpg\" alt=\"\" width=\"150\" height=\"150\" \/><\/a><\/td>\n<\/tr>\n<\/tbody>\n<\/table>\n<div class=\"css-1dbjc4n r-xoduu5 r-1mlwlqe r-1d2f490 r-1udh08x r-u8s1d r-h9hxbl r-417010\" title=\"Microscopi\" aria-label=\"Microscopi\">\n<div class=\"css-1dbjc4n r-1niwhzg r-vvn4in r-u6sd8q r-x3cy2q r-1p0dtai r-xoduu5 r-1pi2tsx r-1d2f490 r-u8s1d r-zchlnj r-ipm5af r-13qz1uu r-1wyyakw\"><\/div>\n<\/div>\n<p>&nbsp;<\/p>\n","protected":false},"excerpt":{"rendered":"<p>El dijous 11 de febrer \u00e9s el Dia de les Dones i les Nenes en la Ci\u00e8ncia <a class=\"css-4rbku5 css-18t94o4 css-901oao css-16my406 r-1n1174f r-1loqt21 r-poiln3 r-bcqeeo r-qvutc0\" dir=\"ltr\" role=\"link\" href=\"https:\/\/twitter.com\/hashtag\/DiaDonesiCi\u00e8ncia?src=hashtag_click\" data-focusable=\"true\">#DiaDonesiCi\u00e8ncia.\u00a0<\/a> Per commemorar-ho a les 11h, m\u00e9s de 450 <a class=\"css-4rbku5 css-18t94o4 css-901oao css-16my406 r-1n1174f&hellip;  <a href=\"https:\/\/agora.xtec.cat\/iescalgravat\/general\/dia-de-les-dones-100tifiques\/\" title=\"Read DIA DE LES DONES 100TIFIQUES\">Llegeix m\u00e9s\u00bb<\/a><\/p>\n","protected":false},"author":1,"featured_media":3884,"comment_status":"open","ping_status":"closed","sticky":false,"template":"","format":"standard","meta":{"_bbp_topic_count":0,"_bbp_reply_count":0,"_bbp_total_topic_count":0,"_bbp_total_reply_count":0,"_bbp_voice_count":0,"_bbp_anonymous_reply_count":0,"_bbp_topic_count_hidden":0,"_bbp_reply_count_hidden":0,"_bbp_forum_subforum_count":0,"footnotes":""},"categories":[4,1],"tags":[],"class_list":["post-3870","post","type-post","status-publish","format-standard","has-post-thumbnail","hentry","category-eso-1","category-general"],"post_mailing_queue_ids":[],"_links":{"self":[{"href":"https:\/\/agora.xtec.cat\/iescalgravat\/wp-json\/wp\/v2\/posts\/3870","targetHints":{"allow":["GET"]}}],"collection":[{"href":"https:\/\/agora.xtec.cat\/iescalgravat\/wp-json\/wp\/v2\/posts"}],"about":[{"href":"https:\/\/agora.xtec.cat\/iescalgravat\/wp-json\/wp\/v2\/types\/post"}],"author":[{"embeddable":true,"href":"https:\/\/agora.xtec.cat\/iescalgravat\/wp-json\/wp\/v2\/users\/1"}],"replies":[{"embeddable":true,"href":"https:\/\/agora.xtec.cat\/iescalgravat\/wp-json\/wp\/v2\/comments?post=3870"}],"version-history":[{"count":4,"href":"https:\/\/agora.xtec.cat\/iescalgravat\/wp-json\/wp\/v2\/posts\/3870\/revisions"}],"predecessor-version":[{"id":3893,"href":"https:\/\/agora.xtec.cat\/iescalgravat\/wp-json\/wp\/v2\/posts\/3870\/revisions\/3893"}],"wp:featuredmedia":[{"embeddable":true,"href":"https:\/\/agora.xtec.cat\/iescalgravat\/wp-json\/wp\/v2\/media\/3884"}],"wp:attachment":[{"href":"https:\/\/agora.xtec.cat\/iescalgravat\/wp-json\/wp\/v2\/media?parent=3870"}],"wp:term":[{"taxonomy":"category","embeddable":true,"href":"https:\/\/agora.xtec.cat\/iescalgravat\/wp-json\/wp\/v2\/categories?post=3870"},{"taxonomy":"post_tag","embeddable":true,"href":"https:\/\/agora.xtec.cat\/iescalgravat\/wp-json\/wp\/v2\/tags?post=3870"}],"curies":[{"name":"wp","href":"https:\/\/api.w.org\/{rel}","templated":true}]}}