{"id":3836,"date":"2020-12-21T12:51:45","date_gmt":"2020-12-21T11:51:45","guid":{"rendered":"https:\/\/agora.xtec.cat\/iescalgravat\/?p=3836"},"modified":"2021-03-26T20:40:21","modified_gmt":"2021-03-26T19:40:21","slug":"formacio-alumnat-de-1r-eso","status":"publish","type":"post","link":"https:\/\/agora.xtec.cat\/iescalgravat\/general\/formacio-alumnat-de-1r-eso\/","title":{"rendered":"FORMACI\u00d3 ALUMNAT DE 1r ESO"},"content":{"rendered":"<p style=\"text-align: justify;\"><span class=\"css-901oao css-16my406 r-1qd0xha r-ad9z0x r-bcqeeo r-qvutc0\">L&#8217;alumnat de 1r ESO de l&#8217;institut <\/span><span class=\"r-18u37iz\"><a class=\"css-4rbku5 css-18t94o4 css-901oao css-16my406 r-1n1174f r-1loqt21 r-1qd0xha r-ad9z0x r-bcqeeo r-qvutc0\" dir=\"ltr\" role=\"link\" href=\"https:\/\/twitter.com\/calgravat\" data-focusable=\"true\">@calgravat\u00a0<\/a><\/span><span class=\"css-901oao css-16my406 r-1qd0xha r-ad9z0x r-bcqeeo r-qvutc0\">participen en la formaci\u00f3 sobre la personalitzaci\u00f3 de l&#8217;aprenentatge, que s&#8217;ha realitzat en 2 sessions aquest mes de desembre, per enc\u00e0rrec del CRP de Cornell\u00e0. Amb l&#8217;assist\u00e8ncia d&#8217;una seixantena de persones. <\/span><\/p>\n<p style=\"text-align: justify;\"><span class=\"css-901oao css-16my406 r-1qd0xha r-ad9z0x r-bcqeeo r-qvutc0\">En les dues sessions han explicat com treballem a les aules sota la tutela de <a href=\"https:\/\/twitter.com\/rbarlam\">@rbarlam<\/a>. Felicitar-los per la tasca que estan duent a terme.!\u00a0<\/span><\/p>\n<h4 style=\"text-align: center;\"><a href=\"https:\/\/www.youtube.com\/watch?v=QKx1iHWNQMw&amp;feature=youtu.be\">https:\/\/www.youtube.com\/watch?v=QKx1iHWNQMw&amp;feature=youtu.be<\/a><\/h4>\n<table>\n<tbody>\n<tr>\n<td><a href=\"https:\/\/agora.xtec.cat\/iescalgravat\/wp-content\/uploads\/usu63\/2020\/12\/personalitzaci\u00f3-aprenentatge-300x168.jpg\"><img loading=\"lazy\" decoding=\"async\" class=\"aligncenter size-full wp-image-3840\" src=\"https:\/\/agora.xtec.cat\/iescalgravat\/wp-content\/uploads\/usu63\/2020\/12\/personalitzaci\u00f3-aprenentatge-300x168.jpg\" alt=\"\" width=\"300\" height=\"168\" \/><\/a><\/td>\n<\/tr>\n<\/tbody>\n<\/table>\n","protected":false},"excerpt":{"rendered":"<p>L&#8217;alumnat de 1r ESO de l&#8217;institut <a class=\"css-4rbku5 css-18t94o4 css-901oao css-16my406 r-1n1174f r-1loqt21 r-1qd0xha r-ad9z0x r-bcqeeo r-qvutc0\" dir=\"ltr\" role=\"link\" href=\"https:\/\/twitter.com\/calgravat\" data-focusable=\"true\">@calgravat\u00a0<\/a>participen en la formaci\u00f3 sobre la personalitzaci\u00f3 de l&#8217;aprenentatge, que s&#8217;ha realitzat en 2 sessions aquest mes de desembre, per enc\u00e0rrec del CRP de Cornell\u00e0.&hellip;  <a href=\"https:\/\/agora.xtec.cat\/iescalgravat\/general\/formacio-alumnat-de-1r-eso\/\" title=\"Read FORMACI\u00d3 ALUMNAT DE 1r ESO\">Llegeix m\u00e9s\u00bb<\/a><\/p>\n","protected":false},"author":1,"featured_media":3840,"comment_status":"open","ping_status":"closed","sticky":false,"template":"","format":"standard","meta":{"_bbp_topic_count":0,"_bbp_reply_count":0,"_bbp_total_topic_count":0,"_bbp_total_reply_count":0,"_bbp_voice_count":0,"_bbp_anonymous_reply_count":0,"_bbp_topic_count_hidden":0,"_bbp_reply_count_hidden":0,"_bbp_forum_subforum_count":0,"footnotes":""},"categories":[3,4,1],"tags":[],"class_list":["post-3836","post","type-post","status-publish","format-standard","has-post-thumbnail","hentry","category-eso","category-eso-1","category-general"],"post_mailing_queue_ids":[],"_links":{"self":[{"href":"https:\/\/agora.xtec.cat\/iescalgravat\/wp-json\/wp\/v2\/posts\/3836","targetHints":{"allow":["GET"]}}],"collection":[{"href":"https:\/\/agora.xtec.cat\/iescalgravat\/wp-json\/wp\/v2\/posts"}],"about":[{"href":"https:\/\/agora.xtec.cat\/iescalgravat\/wp-json\/wp\/v2\/types\/post"}],"author":[{"embeddable":true,"href":"https:\/\/agora.xtec.cat\/iescalgravat\/wp-json\/wp\/v2\/users\/1"}],"replies":[{"embeddable":true,"href":"https:\/\/agora.xtec.cat\/iescalgravat\/wp-json\/wp\/v2\/comments?post=3836"}],"version-history":[{"count":3,"href":"https:\/\/agora.xtec.cat\/iescalgravat\/wp-json\/wp\/v2\/posts\/3836\/revisions"}],"predecessor-version":[{"id":3855,"href":"https:\/\/agora.xtec.cat\/iescalgravat\/wp-json\/wp\/v2\/posts\/3836\/revisions\/3855"}],"wp:featuredmedia":[{"embeddable":true,"href":"https:\/\/agora.xtec.cat\/iescalgravat\/wp-json\/wp\/v2\/media\/3840"}],"wp:attachment":[{"href":"https:\/\/agora.xtec.cat\/iescalgravat\/wp-json\/wp\/v2\/media?parent=3836"}],"wp:term":[{"taxonomy":"category","embeddable":true,"href":"https:\/\/agora.xtec.cat\/iescalgravat\/wp-json\/wp\/v2\/categories?post=3836"},{"taxonomy":"post_tag","embeddable":true,"href":"https:\/\/agora.xtec.cat\/iescalgravat\/wp-json\/wp\/v2\/tags?post=3836"}],"curies":[{"name":"wp","href":"https:\/\/api.w.org\/{rel}","templated":true}]}}