{"id":3793,"date":"2020-12-04T18:56:28","date_gmt":"2020-12-04T17:56:28","guid":{"rendered":"https:\/\/agora.xtec.cat\/iescalgravat\/?p=3793"},"modified":"2021-03-26T20:41:26","modified_gmt":"2021-03-26T19:41:26","slug":"recollida-de-joguines-un-nadal-per-tothom","status":"publish","type":"post","link":"https:\/\/agora.xtec.cat\/iescalgravat\/general\/recollida-de-joguines-un-nadal-per-tothom\/","title":{"rendered":"RECOLLIDA DE JOGUINES: UN NADAL PER TOTHOM"},"content":{"rendered":"<p style=\"text-align: justify;\">L&#8217;ex-alumna <strong>Marta Estany<\/strong> ens ha demanat col\u00b7laboraci\u00f3 en la seva iniciativa solid\u00e0ria <strong>Dona i Rebr\u00e0s<\/strong> (que recordeu va ser el tema del seu Treball de Recerca).<\/p>\n<div style=\"text-align: justify;\">En aquest cas, la campanya s&#8217;anomena\u00a0<b>Un Nadal per tothom<\/b>\u00a0i consta d&#8217;una recollida de joguines noves i velles en bon estat (no cal posar-hi piles si en necessita la joguina) pels infants de Manresa m\u00e9s necessitats.<\/div>\n<div style=\"text-align: justify;\"><\/div>\n<div style=\"text-align: justify;\">Els propers dies 9, 10 i 11 de desembre, al vest\u00edbul de l&#8217;institut trobareu dos alumnes de 4t d&#8217;ESO, de 8 a 2\/4 de 9 que recolliran tot el que es vagi portant.<\/div>\n<div style=\"text-align: justify;\"><\/div>\n<div style=\"text-align: justify;\">Us donem les gr\u00e0cies per avan\u00e7at.<\/div>\n<div style=\"text-align: justify;\"><\/div>\n<h3 style=\"text-align: center;\"><span style=\"color: #ff0000;\"><a style=\"color: #ff0000;\" href=\"https:\/\/agora.xtec.cat\/iescalgravat\/wp-content\/uploads\/usu63\/2020\/12\/UN-NADAL-PER-TOTHOM-8.pdf\" target=\"_blank\" rel=\"noopener noreferrer\">UN NADAL PER TOTHOM<\/a><\/span><\/h3>\n<table>\n<tbody>\n<tr>\n<td style=\"border-style: solid; border-color: #000000; background-color: #f7f6e4;\"><a href=\"https:\/\/agora.xtec.cat\/iescalgravat\/wp-content\/uploads\/usu63\/2020\/12\/descarga.png\"><img loading=\"lazy\" decoding=\"async\" class=\"aligncenter size-full wp-image-3796\" src=\"https:\/\/agora.xtec.cat\/iescalgravat\/wp-content\/uploads\/usu63\/2020\/12\/descarga.png\" alt=\"\" width=\"254\" height=\"199\" \/><\/a><\/td>\n<\/tr>\n<\/tbody>\n<\/table>\n","protected":false},"excerpt":{"rendered":"<p>L&#8217;ex-alumna Marta Estany ens ha demanat col\u00b7laboraci\u00f3 en la seva iniciativa solid\u00e0ria Dona i Rebr\u00e0s (que recordeu va ser el tema del seu Treball de Recerca).<br \/>\nEn aquest cas, la campanya s&#8217;anomena\u00a0Un Nadal per tothom\u00a0i consta d&#8217;una recollida de joguines noves i velles en bon estat&hellip;  <a href=\"https:\/\/agora.xtec.cat\/iescalgravat\/general\/recollida-de-joguines-un-nadal-per-tothom\/\" title=\"Read RECOLLIDA DE JOGUINES: UN NADAL PER TOTHOM\">Llegeix m\u00e9s\u00bb<\/a><\/p>\n","protected":false},"author":1,"featured_media":0,"comment_status":"open","ping_status":"closed","sticky":false,"template":"","format":"standard","meta":{"_bbp_topic_count":0,"_bbp_reply_count":0,"_bbp_total_topic_count":0,"_bbp_total_reply_count":0,"_bbp_voice_count":0,"_bbp_anonymous_reply_count":0,"_bbp_topic_count_hidden":0,"_bbp_reply_count_hidden":0,"_bbp_forum_subforum_count":0,"footnotes":""},"categories":[1],"tags":[],"class_list":["post-3793","post","type-post","status-publish","format-standard","hentry","category-general"],"post_mailing_queue_ids":[],"_links":{"self":[{"href":"https:\/\/agora.xtec.cat\/iescalgravat\/wp-json\/wp\/v2\/posts\/3793","targetHints":{"allow":["GET"]}}],"collection":[{"href":"https:\/\/agora.xtec.cat\/iescalgravat\/wp-json\/wp\/v2\/posts"}],"about":[{"href":"https:\/\/agora.xtec.cat\/iescalgravat\/wp-json\/wp\/v2\/types\/post"}],"author":[{"embeddable":true,"href":"https:\/\/agora.xtec.cat\/iescalgravat\/wp-json\/wp\/v2\/users\/1"}],"replies":[{"embeddable":true,"href":"https:\/\/agora.xtec.cat\/iescalgravat\/wp-json\/wp\/v2\/comments?post=3793"}],"version-history":[{"count":3,"href":"https:\/\/agora.xtec.cat\/iescalgravat\/wp-json\/wp\/v2\/posts\/3793\/revisions"}],"predecessor-version":[{"id":3799,"href":"https:\/\/agora.xtec.cat\/iescalgravat\/wp-json\/wp\/v2\/posts\/3793\/revisions\/3799"}],"wp:attachment":[{"href":"https:\/\/agora.xtec.cat\/iescalgravat\/wp-json\/wp\/v2\/media?parent=3793"}],"wp:term":[{"taxonomy":"category","embeddable":true,"href":"https:\/\/agora.xtec.cat\/iescalgravat\/wp-json\/wp\/v2\/categories?post=3793"},{"taxonomy":"post_tag","embeddable":true,"href":"https:\/\/agora.xtec.cat\/iescalgravat\/wp-json\/wp\/v2\/tags?post=3793"}],"curies":[{"name":"wp","href":"https:\/\/api.w.org\/{rel}","templated":true}]}}