{"id":3783,"date":"2020-12-11T20:22:52","date_gmt":"2020-12-11T19:22:52","guid":{"rendered":"https:\/\/agora.xtec.cat\/iescalgravat\/?p=3783"},"modified":"2022-03-29T14:17:33","modified_gmt":"2022-03-29T12:17:33","slug":"pla-deducacio-digital","status":"publish","type":"post","link":"https:\/\/agora.xtec.cat\/iescalgravat\/general\/pla-deducacio-digital\/","title":{"rendered":"PLA D&#8217;EDUCACI\u00d3 DIGITAL"},"content":{"rendered":"<p style=\"text-align: justify;\">Amb l\u2019objectiu de contribuir al desenvolupament de les compet\u00e8ncies digitals, aquest divendres es continua al nostre centre el projecte d\u2019acceleraci\u00f3 de la transformaci\u00f3 digital que ha engegat el Departament d\u2019Educaci\u00f3 i es va iniciar fa uns 15 dies amb l&#8217;entrega d&#8217;ordinadors al <a href=\"https:\/\/agora.xtec.cat\/iescalgravat\/general\/desplegament-dequipaments-docents\/\">professorat<\/a>.<\/p>\n<p style=\"text-align: justify;\">Un equip de t\u00e8cnics, ajudats pel coordinador digital i membres de l\u2019equip directiu, han estat els encarregats de la posada a punt i la distribuci\u00f3 dels aprox. quatre-cents ordinadors port\u00e0tils que ens pertocaven segons aplicaci\u00f3 del <a href=\"http:\/\/educacio.gencat.cat\/ca\/departament\/linies-estrategiques\/pla-educacio-digital\/\" target=\"_blank\" rel=\"noopener noreferrer\">Pla d\u2019Educaci\u00f3 Digital de Catalunya<\/a>. Aquesta dotaci\u00f3 ha estat repartida entre l\u2019alumnat d\u2019estudis postobligatoris i de 2n cicle de l\u2019ESO.<\/p>\n<p style=\"text-align: justify;\">La tasca era tot un repte log\u00edstic, el qual ha estat resolt amb nota merc\u00e8s a l\u2019esfor\u00e7 i la dilig\u00e8ncia de tots els participants. Esperem puguin gaudir i treballar amb els nous suports com a una eina m\u00e9s. M\u00e9s informaci\u00f3: <a class=\"css-4rbku5 css-18t94o4 css-901oao css-16my406 r-1n1174f r-1loqt21 r-1qd0xha r-ad9z0x r-bcqeeo r-qvutc0\" dir=\"ltr\" role=\"link\" href=\"https:\/\/t.co\/5SwxqCQTVB?amp=1\" target=\"_blank\" rel=\"noopener noreferrer\" data-focusable=\"true\">projectes.xtec.cat\/edc<\/a><\/p>\n<table style=\"height: 162px;\" width=\"1001\">\n<tbody>\n<tr>\n<td style=\"width: 247.25px;\"><a href=\"https:\/\/agora.xtec.cat\/iescalgravat\/wp-content\/uploads\/usu63\/2020\/12\/IMG_7437-e1607714390397.jpg\"><img loading=\"lazy\" decoding=\"async\" class=\"aligncenter wp-image-3805\" src=\"https:\/\/agora.xtec.cat\/iescalgravat\/wp-content\/uploads\/usu63\/2020\/12\/IMG_7437-e1607714390397-300x225.jpg\" alt=\"\" width=\"265\" height=\"198\" srcset=\"https:\/\/agora.xtec.cat\/iescalgravat\/wp-content\/uploads\/usu63\/2020\/12\/IMG_7437-e1607714390397-300x225.jpg 300w, https:\/\/agora.xtec.cat\/iescalgravat\/wp-content\/uploads\/usu63\/2020\/12\/IMG_7437-e1607714390397-768x576.jpg 768w, https:\/\/agora.xtec.cat\/iescalgravat\/wp-content\/uploads\/usu63\/2020\/12\/IMG_7437-e1607714390397-1024x768.jpg 1024w, https:\/\/agora.xtec.cat\/iescalgravat\/wp-content\/uploads\/usu63\/2020\/12\/IMG_7437-e1607714390397-200x150.jpg 200w\" sizes=\"auto, (max-width: 265px) 100vw, 265px\" \/><\/a><\/td>\n<td style=\"width: 247.25px;\"><a href=\"https:\/\/agora.xtec.cat\/iescalgravat\/wp-content\/uploads\/usu63\/2020\/12\/IMG_7438-e1607714404691.jpg\"><img loading=\"lazy\" decoding=\"async\" class=\"aligncenter size-medium wp-image-3806\" src=\"https:\/\/agora.xtec.cat\/iescalgravat\/wp-content\/uploads\/usu63\/2020\/12\/IMG_7438-e1607714404691-225x300.jpg\" alt=\"\" width=\"225\" height=\"300\" srcset=\"https:\/\/agora.xtec.cat\/iescalgravat\/wp-content\/uploads\/usu63\/2020\/12\/IMG_7438-e1607714404691-225x300.jpg 225w, https:\/\/agora.xtec.cat\/iescalgravat\/wp-content\/uploads\/usu63\/2020\/12\/IMG_7438-e1607714404691-768x1024.jpg 768w\" sizes=\"auto, (max-width: 225px) 100vw, 225px\" \/><\/a><\/td>\n<td style=\"width: 247.25px;\"><a href=\"https:\/\/agora.xtec.cat\/iescalgravat\/wp-content\/uploads\/usu63\/2020\/12\/IMG_7436-e1607714371126.jpg\"><img loading=\"lazy\" decoding=\"async\" class=\"aligncenter wp-image-3804\" src=\"https:\/\/agora.xtec.cat\/iescalgravat\/wp-content\/uploads\/usu63\/2020\/12\/IMG_7436-e1607714371126-300x225.jpg\" alt=\"\" width=\"253\" height=\"190\" srcset=\"https:\/\/agora.xtec.cat\/iescalgravat\/wp-content\/uploads\/usu63\/2020\/12\/IMG_7436-e1607714371126-300x225.jpg 300w, https:\/\/agora.xtec.cat\/iescalgravat\/wp-content\/uploads\/usu63\/2020\/12\/IMG_7436-e1607714371126-768x576.jpg 768w, https:\/\/agora.xtec.cat\/iescalgravat\/wp-content\/uploads\/usu63\/2020\/12\/IMG_7436-e1607714371126-1024x768.jpg 1024w, https:\/\/agora.xtec.cat\/iescalgravat\/wp-content\/uploads\/usu63\/2020\/12\/IMG_7436-e1607714371126-200x150.jpg 200w\" sizes=\"auto, (max-width: 253px) 100vw, 253px\" \/><\/a><\/td>\n<td style=\"width: 247.25px;\"><a href=\"https:\/\/agora.xtec.cat\/iescalgravat\/wp-content\/uploads\/usu63\/2020\/12\/IMG_7433-e1607714347627.jpg\"><img loading=\"lazy\" decoding=\"async\" class=\"aligncenter size-medium wp-image-3803\" src=\"https:\/\/agora.xtec.cat\/iescalgravat\/wp-content\/uploads\/usu63\/2020\/12\/IMG_7433-e1607714347627-225x300.jpg\" alt=\"\" width=\"225\" height=\"300\" srcset=\"https:\/\/agora.xtec.cat\/iescalgravat\/wp-content\/uploads\/usu63\/2020\/12\/IMG_7433-e1607714347627-225x300.jpg 225w, https:\/\/agora.xtec.cat\/iescalgravat\/wp-content\/uploads\/usu63\/2020\/12\/IMG_7433-e1607714347627-768x1024.jpg 768w\" sizes=\"auto, (max-width: 225px) 100vw, 225px\" \/><\/a><\/td>\n<\/tr>\n<\/tbody>\n<\/table>\n<p>&nbsp;<\/p>\n","protected":false},"excerpt":{"rendered":"<p>Amb l\u2019objectiu de contribuir al desenvolupament de les compet\u00e8ncies digitals, aquest divendres es continua al nostre centre el projecte d\u2019acceleraci\u00f3 de la transformaci\u00f3 digital que ha engegat el Departament d\u2019Educaci\u00f3 i es va iniciar fa uns 15 dies amb l&#8217;entrega d&#8217;ordinadors al <a href=\"https:\/\/agora.xtec.cat\/iescalgravat\/general\/desplegament-dequipaments-docents\/\">professorat<\/a>.<br \/>\nUn equip&hellip;  <a href=\"https:\/\/agora.xtec.cat\/iescalgravat\/general\/pla-deducacio-digital\/\" title=\"Read PLA D&#8217;EDUCACI\u00d3 DIGITAL\">Llegeix m\u00e9s\u00bb<\/a><\/p>\n","protected":false},"author":1,"featured_media":3804,"comment_status":"open","ping_status":"closed","sticky":false,"template":"","format":"standard","meta":{"_bbp_topic_count":0,"_bbp_reply_count":0,"_bbp_total_topic_count":0,"_bbp_total_reply_count":0,"_bbp_voice_count":0,"_bbp_anonymous_reply_count":0,"_bbp_topic_count_hidden":0,"_bbp_reply_count_hidden":0,"_bbp_forum_subforum_count":0,"footnotes":""},"categories":[6,7,1],"tags":[],"class_list":["post-3783","post","type-post","status-publish","format-standard","has-post-thumbnail","hentry","category-eso-3","category-eso-4","category-general"],"post_mailing_queue_ids":[],"_links":{"self":[{"href":"https:\/\/agora.xtec.cat\/iescalgravat\/wp-json\/wp\/v2\/posts\/3783","targetHints":{"allow":["GET"]}}],"collection":[{"href":"https:\/\/agora.xtec.cat\/iescalgravat\/wp-json\/wp\/v2\/posts"}],"about":[{"href":"https:\/\/agora.xtec.cat\/iescalgravat\/wp-json\/wp\/v2\/types\/post"}],"author":[{"embeddable":true,"href":"https:\/\/agora.xtec.cat\/iescalgravat\/wp-json\/wp\/v2\/users\/1"}],"replies":[{"embeddable":true,"href":"https:\/\/agora.xtec.cat\/iescalgravat\/wp-json\/wp\/v2\/comments?post=3783"}],"version-history":[{"count":3,"href":"https:\/\/agora.xtec.cat\/iescalgravat\/wp-json\/wp\/v2\/posts\/3783\/revisions"}],"predecessor-version":[{"id":3810,"href":"https:\/\/agora.xtec.cat\/iescalgravat\/wp-json\/wp\/v2\/posts\/3783\/revisions\/3810"}],"wp:featuredmedia":[{"embeddable":true,"href":"https:\/\/agora.xtec.cat\/iescalgravat\/wp-json\/wp\/v2\/media\/3804"}],"wp:attachment":[{"href":"https:\/\/agora.xtec.cat\/iescalgravat\/wp-json\/wp\/v2\/media?parent=3783"}],"wp:term":[{"taxonomy":"category","embeddable":true,"href":"https:\/\/agora.xtec.cat\/iescalgravat\/wp-json\/wp\/v2\/categories?post=3783"},{"taxonomy":"post_tag","embeddable":true,"href":"https:\/\/agora.xtec.cat\/iescalgravat\/wp-json\/wp\/v2\/tags?post=3783"}],"curies":[{"name":"wp","href":"https:\/\/api.w.org\/{rel}","templated":true}]}}