{"id":3770,"date":"2020-12-01T20:52:34","date_gmt":"2020-12-01T19:52:34","guid":{"rendered":"https:\/\/agora.xtec.cat\/iescalgravat\/?p=3770"},"modified":"2021-03-26T20:37:44","modified_gmt":"2021-03-26T19:37:44","slug":"taller-de-la-fundacio-espigoladors","status":"publish","type":"post","link":"https:\/\/agora.xtec.cat\/iescalgravat\/general\/taller-de-la-fundacio-espigoladors\/","title":{"rendered":"TALLER DE LA FUNDACI\u00d3 ESPIGOLADORS"},"content":{"rendered":"<div style=\"text-align: justify;\">Ell dia 1 de desembre la <strong>Fundaci\u00f3 Espigoladors<\/strong> ha vingut al centre a fer un taller al grup de 4t B. \u00c9s un taller patrocinat per l&#8217;Ajuntament de Manresa a trav\u00e9s de la Diputaci\u00f3.<\/div>\n<div style=\"text-align: justify;\"><\/div>\n<div>\n<div class=\"gmail_quote\">\n<p style=\"text-align: justify;\">La Fundaci\u00f3 Espigoladors \u00e9s una\u00a0organitzaci\u00f3 sense \u00e0nim de lucre\u00a0que lluita contra les p\u00e8rdues i el malbaratament alimentari a la vegada que empodera persones en risc d\u2019exclusi\u00f3 social d\u2019una manera transformadora, participativa, inclusiva i sostenible.<\/p>\n<p style=\"text-align: justify;\"><span style=\"color: #000000;\">Al mateix temps, el model d\u2019Espigoladors s\u2019alinea amb els principis de l\u2019economia circular, un nou canvi de paradigma que busca allargar la vida dels productes i maximitzar-ne l\u2019\u00fas, a la vegada que es redueix la generaci\u00f3 de residus no aprofitables.<\/span><\/p>\n<\/div>\n<\/div>\n<div><\/div>\n<div>\n<table style=\"height: 172px;\">\n<tbody>\n<tr style=\"height: 172px;\">\n<td style=\"height: 172px; width: 120px; border-style: solid; border-color: #000000; background-color: #e8c3eb;\"><a href=\"https:\/\/agora.xtec.cat\/iescalgravat\/wp-content\/uploads\/usu63\/2020\/12\/IMG_8060.jpg\"><img loading=\"lazy\" decoding=\"async\" class=\"aligncenter wp-image-3774\" src=\"https:\/\/agora.xtec.cat\/iescalgravat\/wp-content\/uploads\/usu63\/2020\/12\/IMG_8060-300x255.jpg\" alt=\"\" width=\"100\" height=\"85\" srcset=\"https:\/\/agora.xtec.cat\/iescalgravat\/wp-content\/uploads\/usu63\/2020\/12\/IMG_8060-300x255.jpg 300w, https:\/\/agora.xtec.cat\/iescalgravat\/wp-content\/uploads\/usu63\/2020\/12\/IMG_8060-768x652.jpg 768w, https:\/\/agora.xtec.cat\/iescalgravat\/wp-content\/uploads\/usu63\/2020\/12\/IMG_8060-1024x869.jpg 1024w\" sizes=\"auto, (max-width: 100px) 100vw, 100px\" \/><\/a><\/td>\n<td style=\"height: 172px; width: 120px; border-style: solid; border-color: #000000; background-color: #e8c3eb;\"><a href=\"https:\/\/agora.xtec.cat\/iescalgravat\/wp-content\/uploads\/usu63\/2020\/12\/IMG_8056-e1606852157871.jpg\"><img loading=\"lazy\" decoding=\"async\" class=\"aligncenter wp-image-3773\" src=\"https:\/\/agora.xtec.cat\/iescalgravat\/wp-content\/uploads\/usu63\/2020\/12\/IMG_8056-e1606852157871-225x300.jpg\" alt=\"\" width=\"100\" height=\"133\" srcset=\"https:\/\/agora.xtec.cat\/iescalgravat\/wp-content\/uploads\/usu63\/2020\/12\/IMG_8056-e1606852157871-225x300.jpg 225w, https:\/\/agora.xtec.cat\/iescalgravat\/wp-content\/uploads\/usu63\/2020\/12\/IMG_8056-e1606852157871-768x1024.jpg 768w\" sizes=\"auto, (max-width: 100px) 100vw, 100px\" \/><\/a><\/td>\n<td style=\"height: 172px; width: 120px; border-style: solid; border-color: #000000; background-color: #e8c3eb;\"><a href=\"https:\/\/agora.xtec.cat\/iescalgravat\/wp-content\/uploads\/usu63\/2020\/12\/IMG_8062.jpg\"><img loading=\"lazy\" decoding=\"async\" class=\"aligncenter wp-image-3772\" src=\"https:\/\/agora.xtec.cat\/iescalgravat\/wp-content\/uploads\/usu63\/2020\/12\/IMG_8062-300x225.jpg\" alt=\"\" width=\"100\" height=\"75\" srcset=\"https:\/\/agora.xtec.cat\/iescalgravat\/wp-content\/uploads\/usu63\/2020\/12\/IMG_8062-300x225.jpg 300w, https:\/\/agora.xtec.cat\/iescalgravat\/wp-content\/uploads\/usu63\/2020\/12\/IMG_8062-768x576.jpg 768w, https:\/\/agora.xtec.cat\/iescalgravat\/wp-content\/uploads\/usu63\/2020\/12\/IMG_8062-1024x768.jpg 1024w, https:\/\/agora.xtec.cat\/iescalgravat\/wp-content\/uploads\/usu63\/2020\/12\/IMG_8062-200x150.jpg 200w\" sizes=\"auto, (max-width: 100px) 100vw, 100px\" \/><\/a><\/td>\n<td style=\"height: 172px; width: 120px; border-style: solid; border-color: #000000; background-color: #e8c3eb;\"><a href=\"https:\/\/agora.xtec.cat\/iescalgravat\/wp-content\/uploads\/usu63\/2020\/12\/IMG_8065-e1606852191470.jpg\"><img loading=\"lazy\" decoding=\"async\" class=\"aligncenter wp-image-3771\" src=\"https:\/\/agora.xtec.cat\/iescalgravat\/wp-content\/uploads\/usu63\/2020\/12\/IMG_8065-e1606852191470-225x300.jpg\" alt=\"\" width=\"100\" height=\"133\" srcset=\"https:\/\/agora.xtec.cat\/iescalgravat\/wp-content\/uploads\/usu63\/2020\/12\/IMG_8065-e1606852191470-225x300.jpg 225w, https:\/\/agora.xtec.cat\/iescalgravat\/wp-content\/uploads\/usu63\/2020\/12\/IMG_8065-e1606852191470-768x1024.jpg 768w\" sizes=\"auto, (max-width: 100px) 100vw, 100px\" \/><\/a><\/td>\n<\/tr>\n<\/tbody>\n<\/table>\n<\/div>\n","protected":false},"excerpt":{"rendered":"<p>Ell dia 1 de desembre la Fundaci\u00f3 Espigoladors ha vingut al centre a fer un taller al grup de 4t B. \u00c9s un taller patrocinat per l&#8217;Ajuntament de Manresa a trav\u00e9s de la Diputaci\u00f3.<\/p>\n<p>La Fundaci\u00f3 Espigoladors \u00e9s una\u00a0organitzaci\u00f3 sense \u00e0nim de lucre\u00a0que lluita contra les&hellip;  <a href=\"https:\/\/agora.xtec.cat\/iescalgravat\/general\/taller-de-la-fundacio-espigoladors\/\" title=\"Read TALLER DE LA FUNDACI\u00d3 ESPIGOLADORS\">Llegeix m\u00e9s\u00bb<\/a><\/p>\n","protected":false},"author":1,"featured_media":0,"comment_status":"open","ping_status":"closed","sticky":false,"template":"","format":"standard","meta":{"_bbp_topic_count":0,"_bbp_reply_count":0,"_bbp_total_topic_count":0,"_bbp_total_reply_count":0,"_bbp_voice_count":0,"_bbp_anonymous_reply_count":0,"_bbp_topic_count_hidden":0,"_bbp_reply_count_hidden":0,"_bbp_forum_subforum_count":0,"footnotes":""},"categories":[7,1],"tags":[],"class_list":["post-3770","post","type-post","status-publish","format-standard","hentry","category-eso-4","category-general"],"post_mailing_queue_ids":[],"_links":{"self":[{"href":"https:\/\/agora.xtec.cat\/iescalgravat\/wp-json\/wp\/v2\/posts\/3770","targetHints":{"allow":["GET"]}}],"collection":[{"href":"https:\/\/agora.xtec.cat\/iescalgravat\/wp-json\/wp\/v2\/posts"}],"about":[{"href":"https:\/\/agora.xtec.cat\/iescalgravat\/wp-json\/wp\/v2\/types\/post"}],"author":[{"embeddable":true,"href":"https:\/\/agora.xtec.cat\/iescalgravat\/wp-json\/wp\/v2\/users\/1"}],"replies":[{"embeddable":true,"href":"https:\/\/agora.xtec.cat\/iescalgravat\/wp-json\/wp\/v2\/comments?post=3770"}],"version-history":[{"count":2,"href":"https:\/\/agora.xtec.cat\/iescalgravat\/wp-json\/wp\/v2\/posts\/3770\/revisions"}],"predecessor-version":[{"id":3777,"href":"https:\/\/agora.xtec.cat\/iescalgravat\/wp-json\/wp\/v2\/posts\/3770\/revisions\/3777"}],"wp:attachment":[{"href":"https:\/\/agora.xtec.cat\/iescalgravat\/wp-json\/wp\/v2\/media?parent=3770"}],"wp:term":[{"taxonomy":"category","embeddable":true,"href":"https:\/\/agora.xtec.cat\/iescalgravat\/wp-json\/wp\/v2\/categories?post=3770"},{"taxonomy":"post_tag","embeddable":true,"href":"https:\/\/agora.xtec.cat\/iescalgravat\/wp-json\/wp\/v2\/tags?post=3770"}],"curies":[{"name":"wp","href":"https:\/\/api.w.org\/{rel}","templated":true}]}}