{"id":3767,"date":"2020-11-30T18:31:51","date_gmt":"2020-11-30T17:31:51","guid":{"rendered":"https:\/\/agora.xtec.cat\/iescalgravat\/?p=3767"},"modified":"2021-03-26T20:37:29","modified_gmt":"2021-03-26T19:37:29","slug":"acta-de-lassemblea-de-lampa-de-novembre-2019","status":"publish","type":"post","link":"https:\/\/agora.xtec.cat\/iescalgravat\/general\/acta-de-lassemblea-de-lampa-de-novembre-2019\/","title":{"rendered":"ASSEMBLEA AMPA 2020-21"},"content":{"rendered":"<p align=\"JUSTIFY\">De nou ens retrobem amb tots vosaltres per tal de convocar-vos a\u00a0<u>l\u2019Assemblea Ordin\u00e0ria<\/u>\u00a0de pares i mares de l\u2019institut que es far\u00e0\u00a0<strong>de manera telem\u00e0tica\u00a0<\/strong>el proper\u00a0<strong>dijous 3 de desembre a les 19 h. del vespre<\/strong>\u00a0amb el seg\u00fcent ordre del dia:<\/p>\n<ol>\n<li>Benvinguda al nou curs i aprovaci\u00f3 si s\u2019escau de l\u2019acta de l\u2019assemblea anterior. Podeu fer-ne la lectura a la p\u00e0gina web de l\u2019institut:\u00a0<a href=\"https:\/\/agora.xtec.cat\/iescalgravat\/wp-content\/uploads\/usu63\/2020\/11\/ampa-acta-novembre-2019.pdf\" target=\"_blank\" rel=\"noopener noreferrer\">AMPA acta novembre 2019<\/a><\/li>\n<li>Presentaci\u00f3 i aprovaci\u00f3 de l&#8217;estat de comptes del curs 19\/20 i resum de les activitats realitzades.<\/li>\n<li>Presentaci\u00f3 del pressupost per al curs 2020 \/ 21.<\/li>\n<li>Informacions: Extraescolars, Taquilles. Samarretes,&#8230;<\/li>\n<li>Elecci\u00f3 c\u00e0rrecs de la Junta. Presentaci\u00f3. Votaci\u00f3.<\/li>\n<li>Precs i preguntes<\/li>\n<\/ol>\n<p align=\"JUSTIFY\">*<u>Elecci\u00f3 de c\u00e0rrecs<\/u>: L&#8217;ampa actual presenta la candidatura que es presenta a continuaci\u00f3:<\/p>\n<p align=\"JUSTIFY\">Com a president: Salvador Soler, pare de 3r d\u2019ESO i 1r de Batxillerat<\/p>\n<p align=\"JUSTIFY\">Com a vicepresidenta: Feola van Heuvelen, mare de 1r Batxillerat<\/p>\n<p align=\"JUSTIFY\">Com a tresorera: Montse Tortolero, mare de 2n d\u2019ESO i 2n Batxillerat<\/p>\n<p align=\"JUSTIFY\">Com a secret\u00e0ria: Sandra Martinez, mare de 2n d\u2019ESO<\/p>\n<p align=\"JUSTIFY\"><strong>Us recordem que l&#8217;Assemblea ser\u00e0 telem\u00e0tica mitjan\u00e7ant l&#8217;enlla\u00e7 seg\u00fcent:<\/strong><\/p>\n<p align=\"JUSTIFY\"><strong><a href=\"http:\/\/meet.google.com\/xeh-aidy-efj\" target=\"_blank\" rel=\"noopener noreferrer\" data-saferedirecturl=\"https:\/\/www.google.com\/url?q=http:\/\/meet.google.com\/xeh-aidy-efj&amp;source=gmail&amp;ust=1606938889117000&amp;usg=AFQjCNE6t4FmEcVP04B01TLthMZ7GqCOsg\">meet.google.com\/xeh-aidy-efj<\/a><\/strong><\/p>\n<p align=\"JUSTIFY\">El nostre institut s&#8217;ha fet gran i \u00e9s entre tots que hem i podem fer que sigui millor i que aquest sigui una bona eina per l&#8217;educaci\u00f3 i el futur dels nostres fills\/es. Estem conven\u00e7uts que l&#8217;equip directiu i la resta de professorat hi posen tot el seu entusiasme per\u00f2 tamb\u00e9 sabem que l\u2019Ampa pot ajudar molt i sumar en positiu a la seva tasca. \u00c9s per aix\u00f2 que us animem a participar. Qualsevol aportaci\u00f3, idea o col\u00b7laboraci\u00f3 ser\u00e0 ben rebuda i d&#8217;agrair.<\/p>\n<p align=\"JUSTIFY\">La Junta de l\u2019Ampa<\/p>\n<p>&nbsp;<\/p>\n","protected":false},"excerpt":{"rendered":"<p>De nou ens retrobem amb tots vosaltres per tal de convocar-vos a\u00a0l\u2019Assemblea Ordin\u00e0ria\u00a0de pares i mares de l\u2019institut que es far\u00e0\u00a0de manera telem\u00e0tica\u00a0el proper\u00a0dijous 3 de desembre a les 19 h. del vespre\u00a0amb el seg\u00fcent ordre del dia:<\/p>\n<ol>\n<li>Benvinguda al nou curs i aprovaci\u00f3 si s\u2019escau&hellip;  <a href=\"https:\/\/agora.xtec.cat\/iescalgravat\/general\/acta-de-lassemblea-de-lampa-de-novembre-2019\/\" title=\"Read ASSEMBLEA AMPA 2020-21\">Llegeix m\u00e9s\u00bb<\/a><br \/>\n","protected":false},"author":1,"featured_media":3781,"comment_status":"open","ping_status":"closed","sticky":false,"template":"","format":"standard","meta":{"_bbp_topic_count":0,"_bbp_reply_count":0,"_bbp_total_topic_count":0,"_bbp_total_reply_count":0,"_bbp_voice_count":0,"_bbp_anonymous_reply_count":0,"_bbp_topic_count_hidden":0,"_bbp_reply_count_hidden":0,"_bbp_forum_subforum_count":0,"footnotes":""},"categories":[31,1],"tags":[],"class_list":["post-3767","post","type-post","status-publish","format-standard","has-post-thumbnail","hentry","category-ampa","category-general"],"post_mailing_queue_ids":[],"_links":{"self":[{"href":"https:\/\/agora.xtec.cat\/iescalgravat\/wp-json\/wp\/v2\/posts\/3767","targetHints":{"allow":["GET"]}}],"collection":[{"href":"https:\/\/agora.xtec.cat\/iescalgravat\/wp-json\/wp\/v2\/posts"}],"about":[{"href":"https:\/\/agora.xtec.cat\/iescalgravat\/wp-json\/wp\/v2\/types\/post"}],"author":[{"embeddable":true,"href":"https:\/\/agora.xtec.cat\/iescalgravat\/wp-json\/wp\/v2\/users\/1"}],"replies":[{"embeddable":true,"href":"https:\/\/agora.xtec.cat\/iescalgravat\/wp-json\/wp\/v2\/comments?post=3767"}],"version-history":[{"count":3,"href":"https:\/\/agora.xtec.cat\/iescalgravat\/wp-json\/wp\/v2\/posts\/3767\/revisions"}],"predecessor-version":[{"id":3782,"href":"https:\/\/agora.xtec.cat\/iescalgravat\/wp-json\/wp\/v2\/posts\/3767\/revisions\/3782"}],"wp:featuredmedia":[{"embeddable":true,"href":"https:\/\/agora.xtec.cat\/iescalgravat\/wp-json\/wp\/v2\/media\/3781"}],"wp:attachment":[{"href":"https:\/\/agora.xtec.cat\/iescalgravat\/wp-json\/wp\/v2\/media?parent=3767"}],"wp:term":[{"taxonomy":"category","embeddable":true,"href":"https:\/\/agora.xtec.cat\/iescalgravat\/wp-json\/wp\/v2\/categories?post=3767"},{"taxonomy":"post_tag","embeddable":true,"href":"https:\/\/agora.xtec.cat\/iescalgravat\/wp-json\/wp\/v2\/tags?post=3767"}],"curies":[{"name":"wp","href":"https:\/\/api.w.org\/{rel}","templated":true}]}}