{"id":3753,"date":"2020-11-24T15:45:01","date_gmt":"2020-11-24T14:45:01","guid":{"rendered":"https:\/\/agora.xtec.cat\/iescalgravat\/?p=3753"},"modified":"2021-03-26T20:37:14","modified_gmt":"2021-03-26T19:37:14","slug":"dia-contra-la-violencia-de-genere","status":"publish","type":"post","link":"https:\/\/agora.xtec.cat\/iescalgravat\/general\/dia-contra-la-violencia-de-genere\/","title":{"rendered":"DIA CONTRA LA VIOL\u00c8NCIA DE G\u00c8NERE"},"content":{"rendered":"<h6 style=\"text-align: justify;\">El 25 de novembre es commemora el <strong>Dia contra la viol\u00e8ncia de g\u00e8nere<\/strong>.<\/h6>\n<h6 style=\"text-align: justify;\">Al vest\u00edbul de l&#8217;institut, l&#8217;alumnat trobar\u00e0 una exposici\u00f3 elaborada pels seus companys i companyes de segon de batxillerat.<\/h6>\n<h6 style=\"text-align: justify;\">Us deixem tamb\u00e9 el manifest del centre que est\u00e0 compost per una s\u00e8rie de fragments dels diferents manifestos realitzats tamb\u00e9 per l&#8217;alumnat de 2n de batxillerat des de la mat\u00e8ria d&#8217;Hist\u00f2ria.<\/h6>\n<h6 style=\"text-align: justify;\"><\/h6>\n<h5><\/h5>\n<h3 style=\"text-align: center;\"><a href=\"https:\/\/youtu.be\/g6dNRDz_9Rw\">Manifestos de l&#8217;alumnat<\/a><a href=\"https:\/\/agora.xtec.cat\/iescalgravat\/wp-content\/uploads\/usu63\/2020\/11\/0-1.jpg\"><img loading=\"lazy\" decoding=\"async\" class=\"aligncenter wp-image-3754\" src=\"https:\/\/agora.xtec.cat\/iescalgravat\/wp-content\/uploads\/usu63\/2020\/11\/0-1-300x225.jpg\" alt=\"\" width=\"171\" height=\"128\" srcset=\"https:\/\/agora.xtec.cat\/iescalgravat\/wp-content\/uploads\/usu63\/2020\/11\/0-1-300x225.jpg 300w, https:\/\/agora.xtec.cat\/iescalgravat\/wp-content\/uploads\/usu63\/2020\/11\/0-1-200x150.jpg 200w, https:\/\/agora.xtec.cat\/iescalgravat\/wp-content\/uploads\/usu63\/2020\/11\/0-1.jpg 480w\" sizes=\"auto, (max-width: 171px) 100vw, 171px\" \/><\/a><\/h3>\n","protected":false},"excerpt":{"rendered":"<p>El 25 de novembre es commemora el Dia contra la viol\u00e8ncia de g\u00e8nere.<br \/>\nAl vest\u00edbul de l&#8217;institut, l&#8217;alumnat trobar\u00e0 una exposici\u00f3 elaborada pels seus companys i companyes de segon de batxillerat.<br \/>\nUs deixem tamb\u00e9 el manifest del centre que est\u00e0 compost per una s\u00e8rie de fragments dels&hellip;  <a href=\"https:\/\/agora.xtec.cat\/iescalgravat\/general\/dia-contra-la-violencia-de-genere\/\" title=\"Read DIA CONTRA LA VIOL\u00c8NCIA DE G\u00c8NERE\">Llegeix m\u00e9s\u00bb<\/a><\/p>\n","protected":false},"author":1,"featured_media":3754,"comment_status":"open","ping_status":"closed","sticky":false,"template":"","format":"standard","meta":{"_bbp_topic_count":0,"_bbp_reply_count":0,"_bbp_total_topic_count":0,"_bbp_total_reply_count":0,"_bbp_voice_count":0,"_bbp_anonymous_reply_count":0,"_bbp_topic_count_hidden":0,"_bbp_reply_count_hidden":0,"_bbp_forum_subforum_count":0,"footnotes":""},"categories":[1],"tags":[],"class_list":["post-3753","post","type-post","status-publish","format-standard","has-post-thumbnail","hentry","category-general"],"post_mailing_queue_ids":[],"_links":{"self":[{"href":"https:\/\/agora.xtec.cat\/iescalgravat\/wp-json\/wp\/v2\/posts\/3753","targetHints":{"allow":["GET"]}}],"collection":[{"href":"https:\/\/agora.xtec.cat\/iescalgravat\/wp-json\/wp\/v2\/posts"}],"about":[{"href":"https:\/\/agora.xtec.cat\/iescalgravat\/wp-json\/wp\/v2\/types\/post"}],"author":[{"embeddable":true,"href":"https:\/\/agora.xtec.cat\/iescalgravat\/wp-json\/wp\/v2\/users\/1"}],"replies":[{"embeddable":true,"href":"https:\/\/agora.xtec.cat\/iescalgravat\/wp-json\/wp\/v2\/comments?post=3753"}],"version-history":[{"count":3,"href":"https:\/\/agora.xtec.cat\/iescalgravat\/wp-json\/wp\/v2\/posts\/3753\/revisions"}],"predecessor-version":[{"id":3766,"href":"https:\/\/agora.xtec.cat\/iescalgravat\/wp-json\/wp\/v2\/posts\/3753\/revisions\/3766"}],"wp:featuredmedia":[{"embeddable":true,"href":"https:\/\/agora.xtec.cat\/iescalgravat\/wp-json\/wp\/v2\/media\/3754"}],"wp:attachment":[{"href":"https:\/\/agora.xtec.cat\/iescalgravat\/wp-json\/wp\/v2\/media?parent=3753"}],"wp:term":[{"taxonomy":"category","embeddable":true,"href":"https:\/\/agora.xtec.cat\/iescalgravat\/wp-json\/wp\/v2\/categories?post=3753"},{"taxonomy":"post_tag","embeddable":true,"href":"https:\/\/agora.xtec.cat\/iescalgravat\/wp-json\/wp\/v2\/tags?post=3753"}],"curies":[{"name":"wp","href":"https:\/\/api.w.org\/{rel}","templated":true}]}}