{"id":3701,"date":"2020-11-02T20:31:50","date_gmt":"2020-11-02T19:31:50","guid":{"rendered":"https:\/\/agora.xtec.cat\/iescalgravat\/?p=3701"},"modified":"2021-03-26T20:39:21","modified_gmt":"2021-03-26T19:39:21","slug":"exposicio-les-matematiques-i-la-vida","status":"publish","type":"post","link":"https:\/\/agora.xtec.cat\/iescalgravat\/general\/exposicio-les-matematiques-i-la-vida\/","title":{"rendered":"Exposici\u00f3 &#8220;LES MATEM\u00c0TIQUES I LA VIDA&#8221;"},"content":{"rendered":"<p style=\"text-align: justify;\">El 7 d&#8217;octubre alumnat de Batxillerat visita <span class=\"css-901oao css-16my406 r-1qd0xha r-ad9z0x r-bcqeeo r-qvutc0\">l&#8217;exposici\u00f3 <em><strong>\u201cLes matem\u00e0tiques i la vida\u201d<\/strong> <\/em>al Museu de la T\u00e8cnica de Manresa. <strong>L\u2019exposici\u00f3 convida a descobrir les matem\u00e0tiques que hi ha en el dia a dia de la nostra vida, a trav\u00e9s d\u2019un suggeridor recorregut pels \u00e0mbits en que ens movem al llarg d\u2019un dia qualsevol de qualsevol persona. La mostra intenta presentar el lligam entre les matem\u00e0tiques i la vida quotidiana d\u2019una manera atractiva i entenedora pel p\u00fablic no especialitzat, tot mostrant el paper de les matem\u00e0tiques a partir de la seva realitat quotidiana i parlant-ne amb un llenguatge natural i proper a la gent del carrer, de totes les edats i nivells, i de diferents \u00e0mbits professionals. <\/strong> <\/span><span class=\"r-18u37iz\"><a class=\"css-4rbku5 css-18t94o4 css-901oao css-16my406 r-1n1174f r-1loqt21 r-1qd0xha r-ad9z0x r-bcqeeo r-qvutc0\" dir=\"ltr\" role=\"link\" href=\"https:\/\/twitter.com\/ajmanresa\" data-focusable=\"true\">@ajmanresa\u00a0<\/a><\/span> <span class=\"r-18u37iz\"><a href=\"https:\/\/mnactec.cat\/ca\/exposicio-detall\/les-matematiques-i-la-vida@parcdelasequia\">https:\/\/mnactec.cat\/ca\/exposicio-detall\/les-matematiques-i-la-vida@parcdelasequia<\/a> <\/span><\/p>\n<table>\n<tbody>\n<tr>\n<td><a href=\"https:\/\/agora.xtec.cat\/iescalgravat\/wp-content\/uploads\/usu63\/2020\/11\/PHOTO-2020-10-07-17-37-47.jpg\"><img loading=\"lazy\" decoding=\"async\" class=\"aligncenter size-medium wp-image-3702\" src=\"https:\/\/agora.xtec.cat\/iescalgravat\/wp-content\/uploads\/usu63\/2020\/11\/PHOTO-2020-10-07-17-37-47-300x225.jpg\" alt=\"\" width=\"300\" height=\"225\" srcset=\"https:\/\/agora.xtec.cat\/iescalgravat\/wp-content\/uploads\/usu63\/2020\/11\/PHOTO-2020-10-07-17-37-47-300x225.jpg 300w, https:\/\/agora.xtec.cat\/iescalgravat\/wp-content\/uploads\/usu63\/2020\/11\/PHOTO-2020-10-07-17-37-47-768x576.jpg 768w, https:\/\/agora.xtec.cat\/iescalgravat\/wp-content\/uploads\/usu63\/2020\/11\/PHOTO-2020-10-07-17-37-47-1024x768.jpg 1024w, https:\/\/agora.xtec.cat\/iescalgravat\/wp-content\/uploads\/usu63\/2020\/11\/PHOTO-2020-10-07-17-37-47-200x150.jpg 200w, https:\/\/agora.xtec.cat\/iescalgravat\/wp-content\/uploads\/usu63\/2020\/11\/PHOTO-2020-10-07-17-37-47.jpg 2016w\" sizes=\"auto, (max-width: 300px) 100vw, 300px\" \/><\/a><\/td>\n<td><a href=\"https:\/\/agora.xtec.cat\/iescalgravat\/wp-content\/uploads\/usu63\/2020\/11\/PHOTO-2020-10-07-17-37-43.jpg\"><img loading=\"lazy\" decoding=\"async\" class=\"aligncenter size-medium wp-image-3703\" src=\"https:\/\/agora.xtec.cat\/iescalgravat\/wp-content\/uploads\/usu63\/2020\/11\/PHOTO-2020-10-07-17-37-43-300x225.jpg\" alt=\"\" width=\"300\" height=\"225\" srcset=\"https:\/\/agora.xtec.cat\/iescalgravat\/wp-content\/uploads\/usu63\/2020\/11\/PHOTO-2020-10-07-17-37-43-300x225.jpg 300w, https:\/\/agora.xtec.cat\/iescalgravat\/wp-content\/uploads\/usu63\/2020\/11\/PHOTO-2020-10-07-17-37-43-768x576.jpg 768w, https:\/\/agora.xtec.cat\/iescalgravat\/wp-content\/uploads\/usu63\/2020\/11\/PHOTO-2020-10-07-17-37-43-1024x768.jpg 1024w, https:\/\/agora.xtec.cat\/iescalgravat\/wp-content\/uploads\/usu63\/2020\/11\/PHOTO-2020-10-07-17-37-43-200x150.jpg 200w, https:\/\/agora.xtec.cat\/iescalgravat\/wp-content\/uploads\/usu63\/2020\/11\/PHOTO-2020-10-07-17-37-43.jpg 2016w\" sizes=\"auto, (max-width: 300px) 100vw, 300px\" \/><\/a><\/td>\n<\/tr>\n<tr>\n<td><a href=\"https:\/\/agora.xtec.cat\/iescalgravat\/wp-content\/uploads\/usu63\/2020\/11\/PHOTO-2020-10-07-17-37-46.jpg\"><img loading=\"lazy\" decoding=\"async\" class=\"aligncenter size-medium wp-image-3704\" src=\"https:\/\/agora.xtec.cat\/iescalgravat\/wp-content\/uploads\/usu63\/2020\/11\/PHOTO-2020-10-07-17-37-46-225x300.jpg\" alt=\"\" width=\"225\" height=\"300\" srcset=\"https:\/\/agora.xtec.cat\/iescalgravat\/wp-content\/uploads\/usu63\/2020\/11\/PHOTO-2020-10-07-17-37-46-225x300.jpg 225w, https:\/\/agora.xtec.cat\/iescalgravat\/wp-content\/uploads\/usu63\/2020\/11\/PHOTO-2020-10-07-17-37-46-768x1024.jpg 768w, https:\/\/agora.xtec.cat\/iescalgravat\/wp-content\/uploads\/usu63\/2020\/11\/PHOTO-2020-10-07-17-37-46.jpg 1512w\" sizes=\"auto, (max-width: 225px) 100vw, 225px\" \/><\/a><\/td>\n<td><a href=\"https:\/\/agora.xtec.cat\/iescalgravat\/wp-content\/uploads\/usu63\/2020\/11\/PHOTO-2020-10-07-17-37-471.jpg\"><img loading=\"lazy\" decoding=\"async\" class=\"aligncenter size-medium wp-image-3705\" src=\"https:\/\/agora.xtec.cat\/iescalgravat\/wp-content\/uploads\/usu63\/2020\/11\/PHOTO-2020-10-07-17-37-471-225x300.jpg\" alt=\"\" width=\"225\" height=\"300\" srcset=\"https:\/\/agora.xtec.cat\/iescalgravat\/wp-content\/uploads\/usu63\/2020\/11\/PHOTO-2020-10-07-17-37-471-225x300.jpg 225w, https:\/\/agora.xtec.cat\/iescalgravat\/wp-content\/uploads\/usu63\/2020\/11\/PHOTO-2020-10-07-17-37-471-768x1024.jpg 768w, https:\/\/agora.xtec.cat\/iescalgravat\/wp-content\/uploads\/usu63\/2020\/11\/PHOTO-2020-10-07-17-37-471.jpg 1512w\" sizes=\"auto, (max-width: 225px) 100vw, 225px\" \/><\/a><\/td>\n<\/tr>\n<\/tbody>\n<\/table>\n","protected":false},"excerpt":{"rendered":"<p>El 7 d&#8217;octubre alumnat de Batxillerat visita l&#8217;exposici\u00f3 \u201cLes matem\u00e0tiques i la vida\u201d al Museu de la T\u00e8cnica de Manresa. L\u2019exposici\u00f3 convida a descobrir les matem\u00e0tiques que hi ha en el dia a dia de la nostra vida, a trav\u00e9s d\u2019un suggeridor recorregut pels \u00e0mbits&hellip;  <a href=\"https:\/\/agora.xtec.cat\/iescalgravat\/general\/exposicio-les-matematiques-i-la-vida\/\" title=\"Read Exposici\u00f3 &#8220;LES MATEM\u00c0TIQUES I LA VIDA&#8221;\">Llegeix m\u00e9s\u00bb<\/a><\/p>\n","protected":false},"author":1,"featured_media":3703,"comment_status":"open","ping_status":"closed","sticky":false,"template":"","format":"standard","meta":{"_bbp_topic_count":0,"_bbp_reply_count":0,"_bbp_total_topic_count":0,"_bbp_total_reply_count":0,"_bbp_voice_count":0,"_bbp_anonymous_reply_count":0,"_bbp_topic_count_hidden":0,"_bbp_reply_count_hidden":0,"_bbp_forum_subforum_count":0,"footnotes":""},"categories":[8,30,1],"tags":[],"class_list":["post-3701","post","type-post","status-publish","format-standard","has-post-thumbnail","hentry","category-batxillerat","category-cicles-formatius","category-general"],"post_mailing_queue_ids":[],"_links":{"self":[{"href":"https:\/\/agora.xtec.cat\/iescalgravat\/wp-json\/wp\/v2\/posts\/3701","targetHints":{"allow":["GET"]}}],"collection":[{"href":"https:\/\/agora.xtec.cat\/iescalgravat\/wp-json\/wp\/v2\/posts"}],"about":[{"href":"https:\/\/agora.xtec.cat\/iescalgravat\/wp-json\/wp\/v2\/types\/post"}],"author":[{"embeddable":true,"href":"https:\/\/agora.xtec.cat\/iescalgravat\/wp-json\/wp\/v2\/users\/1"}],"replies":[{"embeddable":true,"href":"https:\/\/agora.xtec.cat\/iescalgravat\/wp-json\/wp\/v2\/comments?post=3701"}],"version-history":[{"count":1,"href":"https:\/\/agora.xtec.cat\/iescalgravat\/wp-json\/wp\/v2\/posts\/3701\/revisions"}],"predecessor-version":[{"id":3706,"href":"https:\/\/agora.xtec.cat\/iescalgravat\/wp-json\/wp\/v2\/posts\/3701\/revisions\/3706"}],"wp:featuredmedia":[{"embeddable":true,"href":"https:\/\/agora.xtec.cat\/iescalgravat\/wp-json\/wp\/v2\/media\/3703"}],"wp:attachment":[{"href":"https:\/\/agora.xtec.cat\/iescalgravat\/wp-json\/wp\/v2\/media?parent=3701"}],"wp:term":[{"taxonomy":"category","embeddable":true,"href":"https:\/\/agora.xtec.cat\/iescalgravat\/wp-json\/wp\/v2\/categories?post=3701"},{"taxonomy":"post_tag","embeddable":true,"href":"https:\/\/agora.xtec.cat\/iescalgravat\/wp-json\/wp\/v2\/tags?post=3701"}],"curies":[{"name":"wp","href":"https:\/\/api.w.org\/{rel}","templated":true}]}}