{"id":3696,"date":"2020-11-02T20:24:36","date_gmt":"2020-11-02T19:24:36","guid":{"rendered":"https:\/\/agora.xtec.cat\/iescalgravat\/?p=3696"},"modified":"2021-03-26T20:39:43","modified_gmt":"2021-03-26T19:39:43","slug":"treball-dels-sanitaris-al-centre","status":"publish","type":"post","link":"https:\/\/agora.xtec.cat\/iescalgravat\/general\/treball-dels-sanitaris-al-centre\/","title":{"rendered":"TREBALL DELS SANITARIS AL CENTRE"},"content":{"rendered":"<p style=\"text-align: justify;\">Des d&#8217;inicis de curs estem treballant colze a colze i molt coordinats amb l&#8217;<strong>equip <u>d\u2019Atenci\u00f3 Prim\u00e0ria Manresa<\/u><\/strong><u> 4<\/u>, treball silenci\u00f3s a qualsevol dia i hora de la setmana. Volem agrair la immensa tasca que estan realitzant, tant per informar-nos com per realitzar el corresponent cribratge al grup afectat. Moltes gr\u00e0cies i seguim treballant!<\/p>\n<table>\n<tbody>\n<tr>\n<td><a href=\"https:\/\/agora.xtec.cat\/iescalgravat\/wp-content\/uploads\/usu63\/2020\/11\/IMG_7334.jpg\"><img loading=\"lazy\" decoding=\"async\" class=\"aligncenter wp-image-3697\" src=\"https:\/\/agora.xtec.cat\/iescalgravat\/wp-content\/uploads\/usu63\/2020\/11\/IMG_7334-300x225.jpg\" alt=\"\" width=\"303\" height=\"227\" srcset=\"https:\/\/agora.xtec.cat\/iescalgravat\/wp-content\/uploads\/usu63\/2020\/11\/IMG_7334-300x225.jpg 300w, https:\/\/agora.xtec.cat\/iescalgravat\/wp-content\/uploads\/usu63\/2020\/11\/IMG_7334-768x576.jpg 768w, https:\/\/agora.xtec.cat\/iescalgravat\/wp-content\/uploads\/usu63\/2020\/11\/IMG_7334-1024x768.jpg 1024w, https:\/\/agora.xtec.cat\/iescalgravat\/wp-content\/uploads\/usu63\/2020\/11\/IMG_7334-200x150.jpg 200w, https:\/\/agora.xtec.cat\/iescalgravat\/wp-content\/uploads\/usu63\/2020\/11\/IMG_7334.jpg 1280w\" sizes=\"auto, (max-width: 303px) 100vw, 303px\" \/><\/a><\/td>\n<td><a href=\"https:\/\/agora.xtec.cat\/iescalgravat\/wp-content\/uploads\/usu63\/2020\/11\/IMG_7331.jpg\"><img loading=\"lazy\" decoding=\"async\" class=\"aligncenter size-medium wp-image-3699\" src=\"https:\/\/agora.xtec.cat\/iescalgravat\/wp-content\/uploads\/usu63\/2020\/11\/IMG_7331-225x300.jpg\" alt=\"\" width=\"225\" height=\"300\" srcset=\"https:\/\/agora.xtec.cat\/iescalgravat\/wp-content\/uploads\/usu63\/2020\/11\/IMG_7331-225x300.jpg 225w, https:\/\/agora.xtec.cat\/iescalgravat\/wp-content\/uploads\/usu63\/2020\/11\/IMG_7331-768x1024.jpg 768w, https:\/\/agora.xtec.cat\/iescalgravat\/wp-content\/uploads\/usu63\/2020\/11\/IMG_7331.jpg 960w\" sizes=\"auto, (max-width: 225px) 100vw, 225px\" \/><\/a><\/td>\n<td><a href=\"https:\/\/agora.xtec.cat\/iescalgravat\/wp-content\/uploads\/usu63\/2020\/11\/IMG_7333.jpg\"><img loading=\"lazy\" decoding=\"async\" class=\"aligncenter size-medium wp-image-3698\" src=\"https:\/\/agora.xtec.cat\/iescalgravat\/wp-content\/uploads\/usu63\/2020\/11\/IMG_7333-225x300.jpg\" alt=\"\" width=\"225\" height=\"300\" srcset=\"https:\/\/agora.xtec.cat\/iescalgravat\/wp-content\/uploads\/usu63\/2020\/11\/IMG_7333-225x300.jpg 225w, https:\/\/agora.xtec.cat\/iescalgravat\/wp-content\/uploads\/usu63\/2020\/11\/IMG_7333-768x1024.jpg 768w, https:\/\/agora.xtec.cat\/iescalgravat\/wp-content\/uploads\/usu63\/2020\/11\/IMG_7333.jpg 960w\" sizes=\"auto, (max-width: 225px) 100vw, 225px\" \/><\/a><\/td>\n<\/tr>\n<\/tbody>\n<\/table>\n","protected":false},"excerpt":{"rendered":"<p>Des d&#8217;inicis de curs estem treballant colze a colze i molt coordinats amb l&#8217;equip d\u2019Atenci\u00f3 Prim\u00e0ria Manresa 4, treball silenci\u00f3s a qualsevol dia i hora de la setmana. Volem agrair la immensa tasca que estan realitzant, tant per informar-nos com per realitzar el corresponent cribratge&hellip;  <a href=\"https:\/\/agora.xtec.cat\/iescalgravat\/general\/treball-dels-sanitaris-al-centre\/\" title=\"Read TREBALL DELS SANITARIS AL CENTRE\">Llegeix m\u00e9s\u00bb<\/a><\/p>\n","protected":false},"author":1,"featured_media":3697,"comment_status":"open","ping_status":"closed","sticky":false,"template":"","format":"standard","meta":{"_bbp_topic_count":0,"_bbp_reply_count":0,"_bbp_total_topic_count":0,"_bbp_total_reply_count":0,"_bbp_voice_count":0,"_bbp_anonymous_reply_count":0,"_bbp_topic_count_hidden":0,"_bbp_reply_count_hidden":0,"_bbp_forum_subforum_count":0,"footnotes":""},"categories":[31,8,30,3,4,5,6,7,1],"tags":[],"class_list":["post-3696","post","type-post","status-publish","format-standard","has-post-thumbnail","hentry","category-ampa","category-batxillerat","category-cicles-formatius","category-eso","category-eso-1","category-eso-2","category-eso-3","category-eso-4","category-general"],"post_mailing_queue_ids":[],"_links":{"self":[{"href":"https:\/\/agora.xtec.cat\/iescalgravat\/wp-json\/wp\/v2\/posts\/3696","targetHints":{"allow":["GET"]}}],"collection":[{"href":"https:\/\/agora.xtec.cat\/iescalgravat\/wp-json\/wp\/v2\/posts"}],"about":[{"href":"https:\/\/agora.xtec.cat\/iescalgravat\/wp-json\/wp\/v2\/types\/post"}],"author":[{"embeddable":true,"href":"https:\/\/agora.xtec.cat\/iescalgravat\/wp-json\/wp\/v2\/users\/1"}],"replies":[{"embeddable":true,"href":"https:\/\/agora.xtec.cat\/iescalgravat\/wp-json\/wp\/v2\/comments?post=3696"}],"version-history":[{"count":1,"href":"https:\/\/agora.xtec.cat\/iescalgravat\/wp-json\/wp\/v2\/posts\/3696\/revisions"}],"predecessor-version":[{"id":3700,"href":"https:\/\/agora.xtec.cat\/iescalgravat\/wp-json\/wp\/v2\/posts\/3696\/revisions\/3700"}],"wp:featuredmedia":[{"embeddable":true,"href":"https:\/\/agora.xtec.cat\/iescalgravat\/wp-json\/wp\/v2\/media\/3697"}],"wp:attachment":[{"href":"https:\/\/agora.xtec.cat\/iescalgravat\/wp-json\/wp\/v2\/media?parent=3696"}],"wp:term":[{"taxonomy":"category","embeddable":true,"href":"https:\/\/agora.xtec.cat\/iescalgravat\/wp-json\/wp\/v2\/categories?post=3696"},{"taxonomy":"post_tag","embeddable":true,"href":"https:\/\/agora.xtec.cat\/iescalgravat\/wp-json\/wp\/v2\/tags?post=3696"}],"curies":[{"name":"wp","href":"https:\/\/api.w.org\/{rel}","templated":true}]}}