{"id":3679,"date":"2020-11-02T19:51:07","date_gmt":"2020-11-02T18:51:07","guid":{"rendered":"https:\/\/agora.xtec.cat\/iescalgravat\/?p=3679"},"modified":"2021-03-26T20:36:03","modified_gmt":"2021-03-26T19:36:03","slug":"el-punt-al-pati","status":"publish","type":"post","link":"https:\/\/agora.xtec.cat\/iescalgravat\/general\/el-punt-al-pati\/","title":{"rendered":"El PUNT AL PATI"},"content":{"rendered":"<div class=\"css-1dbjc4n\">\n<p class=\"css-901oao r-hkyrab r-1qd0xha r-a023e6 r-16dba41 r-ad9z0x r-bcqeeo r-bnwqim r-qvutc0\" dir=\"auto\" lang=\"ca\" style=\"text-align: justify;\"><span class=\"css-901oao css-16my406 r-1qd0xha r-ad9z0x r-bcqeeo r-qvutc0\"><span class=\"css-901oao css-16my406 r-1qd0xha r-ad9z0x r-bcqeeo r-qvutc0\"><strong>Dimecres 28 d&#8217;octubre<\/strong> ha comen\u00e7at el Punt Pati, com sempre informant al jovent. <\/span><\/span>El Punt al Pati i el Punt al Campus s\u00f3n dos projectes impulsats des del Programa de Joventut, en el cas del Punt al Campus es compta tamb\u00e9 amb la regidoria d\u2019Ensenyament i Universitats. Aquests projectes s\u00f3n gestionats pel CAE, formaci\u00f3 i serveis socioculturals, i es desenvolupen als patis i vest\u00edbuls dels centres d\u2019ensenyament de la ciutat. El seu objectiu \u00e9s descentralitzar la tasca de l\u2019Oficina Jove del Bages per facilitar i apropar informaci\u00f3 d\u2019inter\u00e8s juvenil a les persones joves als seus espais m\u00e9s quotidians: els centres d\u2019ensenyament secundari i les universitats.<\/p>\n<p style=\"text-align: justify;\">Enguany, el Punt al Pati ha modificat la periodicitat de la seva intervenci\u00f3 als centres d\u2019ensenyament secundari. Aquest curs s\u2019hi traslladar\u00e0 cada quinze dies, per\u00f2 mantindr\u00e0 unes perman\u00e8ncies m\u00e9s llargues per poder arribar a tot l\u2019alumnat i respectar les franges hor\u00e0ries i zones d\u2019estona d\u2019esbarjo que hagi organitzat cada centre. <span class=\"css-901oao css-16my406 r-1qd0xha r-ad9z0x r-bcqeeo r-qvutc0\">Bona feina!!! <\/span><span class=\"r-18u37iz\"><a class=\"css-4rbku5 css-18t94o4 css-901oao css-16my406 r-1n1174f r-1loqt21 r-1qd0xha r-ad9z0x r-bcqeeo r-qvutc0\" dir=\"ltr\" role=\"link\" href=\"https:\/\/twitter.com\/ManresaJove\" data-focusable=\"true\">@ManresaJove, <\/a><a class=\"css-4rbku5 css-18t94o4 css-901oao css-16my406 r-1n1174f r-1loqt21 r-1qd0xha r-ad9z0x r-bcqeeo r-qvutc0\" dir=\"ltr\" role=\"link\" href=\"https:\/\/twitter.com\/ajmanresa\" data-focusable=\"true\">@ajmanresa,\u00a0<\/a><a class=\"css-4rbku5 css-18t94o4 css-901oao css-16my406 r-1n1174f r-1loqt21 r-1qd0xha r-ad9z0x r-bcqeeo r-qvutc0\" dir=\"ltr\" role=\"link\" href=\"https:\/\/twitter.com\/aj_ssguardiola\" data-focusable=\"true\">@aj_ssguardiola<\/a><\/span><\/p>\n<div class=\"css-1dbjc4n r-xoduu5\">\n<table style=\"height: 271px;\" width=\"673\">\n<tbody>\n<tr style=\"height: 271px;\">\n<td style=\"width: 221px; height: 271px;\"><a href=\"https:\/\/agora.xtec.cat\/iescalgravat\/wp-content\/uploads\/usu63\/2020\/11\/Co\u0300pia-de-IMG_7325.jpg\"><img loading=\"lazy\" decoding=\"async\" class=\"aligncenter size-medium wp-image-3682\" src=\"https:\/\/agora.xtec.cat\/iescalgravat\/wp-content\/uploads\/usu63\/2020\/11\/Co\u0300pia-de-IMG_7325-300x225.jpg\" alt=\"\" width=\"300\" height=\"225\" srcset=\"https:\/\/agora.xtec.cat\/iescalgravat\/wp-content\/uploads\/usu63\/2020\/11\/Co\u0300pia-de-IMG_7325-300x225.jpg 300w, https:\/\/agora.xtec.cat\/iescalgravat\/wp-content\/uploads\/usu63\/2020\/11\/Co\u0300pia-de-IMG_7325-768x576.jpg 768w, https:\/\/agora.xtec.cat\/iescalgravat\/wp-content\/uploads\/usu63\/2020\/11\/Co\u0300pia-de-IMG_7325.jpg 1024w, https:\/\/agora.xtec.cat\/iescalgravat\/wp-content\/uploads\/usu63\/2020\/11\/Co\u0300pia-de-IMG_7325-200x150.jpg 200w\" sizes=\"auto, (max-width: 300px) 100vw, 300px\" \/><\/a><\/td>\n<td style=\"width: 221px; height: 271px;\"><a href=\"https:\/\/agora.xtec.cat\/iescalgravat\/wp-content\/uploads\/usu63\/2020\/11\/Co\u0300pia-de-IMG_7328.jpg\"><img loading=\"lazy\" decoding=\"async\" class=\"aligncenter size-medium wp-image-3683\" src=\"https:\/\/agora.xtec.cat\/iescalgravat\/wp-content\/uploads\/usu63\/2020\/11\/Co\u0300pia-de-IMG_7328-225x300.jpg\" alt=\"\" width=\"225\" height=\"300\" srcset=\"https:\/\/agora.xtec.cat\/iescalgravat\/wp-content\/uploads\/usu63\/2020\/11\/Co\u0300pia-de-IMG_7328-225x300.jpg 225w, https:\/\/agora.xtec.cat\/iescalgravat\/wp-content\/uploads\/usu63\/2020\/11\/Co\u0300pia-de-IMG_7328.jpg 768w\" sizes=\"auto, (max-width: 225px) 100vw, 225px\" \/><\/a><\/td>\n<td style=\"width: 221px; height: 271px;\"><a href=\"https:\/\/agora.xtec.cat\/iescalgravat\/wp-content\/uploads\/usu63\/2020\/11\/Co\u0300pia-de-IMG_7329.jpg\"><img loading=\"lazy\" decoding=\"async\" class=\"aligncenter size-medium wp-image-3684\" src=\"https:\/\/agora.xtec.cat\/iescalgravat\/wp-content\/uploads\/usu63\/2020\/11\/Co\u0300pia-de-IMG_7329-300x225.jpg\" alt=\"\" width=\"300\" height=\"225\" srcset=\"https:\/\/agora.xtec.cat\/iescalgravat\/wp-content\/uploads\/usu63\/2020\/11\/Co\u0300pia-de-IMG_7329-300x225.jpg 300w, https:\/\/agora.xtec.cat\/iescalgravat\/wp-content\/uploads\/usu63\/2020\/11\/Co\u0300pia-de-IMG_7329-768x576.jpg 768w, https:\/\/agora.xtec.cat\/iescalgravat\/wp-content\/uploads\/usu63\/2020\/11\/Co\u0300pia-de-IMG_7329.jpg 1024w, https:\/\/agora.xtec.cat\/iescalgravat\/wp-content\/uploads\/usu63\/2020\/11\/Co\u0300pia-de-IMG_7329-200x150.jpg 200w\" sizes=\"auto, (max-width: 300px) 100vw, 300px\" \/><\/a><\/td>\n<\/tr>\n<\/tbody>\n<\/table>\n<\/div>\n<\/div>\n","protected":false},"excerpt":{"rendered":"<p>Dimecres 28 d&#8217;octubre ha comen\u00e7at el Punt Pati, com sempre informant al jovent. El Punt al Pati i el Punt al Campus s\u00f3n dos projectes impulsats des del Programa de Joventut, en el cas del Punt al Campus es compta tamb\u00e9 amb la regidoria d\u2019Ensenyament&hellip;  <a href=\"https:\/\/agora.xtec.cat\/iescalgravat\/general\/el-punt-al-pati\/\" title=\"Read El PUNT AL PATI\">Llegeix m\u00e9s\u00bb<\/a><\/p>\n","protected":false},"author":1,"featured_media":3684,"comment_status":"open","ping_status":"closed","sticky":false,"template":"","format":"standard","meta":{"_bbp_topic_count":0,"_bbp_reply_count":0,"_bbp_total_topic_count":0,"_bbp_total_reply_count":0,"_bbp_voice_count":0,"_bbp_anonymous_reply_count":0,"_bbp_topic_count_hidden":0,"_bbp_reply_count_hidden":0,"_bbp_forum_subforum_count":0,"footnotes":""},"categories":[31,8,30,3,1],"tags":[],"class_list":["post-3679","post","type-post","status-publish","format-standard","has-post-thumbnail","hentry","category-ampa","category-batxillerat","category-cicles-formatius","category-eso","category-general"],"post_mailing_queue_ids":[],"_links":{"self":[{"href":"https:\/\/agora.xtec.cat\/iescalgravat\/wp-json\/wp\/v2\/posts\/3679","targetHints":{"allow":["GET"]}}],"collection":[{"href":"https:\/\/agora.xtec.cat\/iescalgravat\/wp-json\/wp\/v2\/posts"}],"about":[{"href":"https:\/\/agora.xtec.cat\/iescalgravat\/wp-json\/wp\/v2\/types\/post"}],"author":[{"embeddable":true,"href":"https:\/\/agora.xtec.cat\/iescalgravat\/wp-json\/wp\/v2\/users\/1"}],"replies":[{"embeddable":true,"href":"https:\/\/agora.xtec.cat\/iescalgravat\/wp-json\/wp\/v2\/comments?post=3679"}],"version-history":[{"count":2,"href":"https:\/\/agora.xtec.cat\/iescalgravat\/wp-json\/wp\/v2\/posts\/3679\/revisions"}],"predecessor-version":[{"id":3686,"href":"https:\/\/agora.xtec.cat\/iescalgravat\/wp-json\/wp\/v2\/posts\/3679\/revisions\/3686"}],"wp:featuredmedia":[{"embeddable":true,"href":"https:\/\/agora.xtec.cat\/iescalgravat\/wp-json\/wp\/v2\/media\/3684"}],"wp:attachment":[{"href":"https:\/\/agora.xtec.cat\/iescalgravat\/wp-json\/wp\/v2\/media?parent=3679"}],"wp:term":[{"taxonomy":"category","embeddable":true,"href":"https:\/\/agora.xtec.cat\/iescalgravat\/wp-json\/wp\/v2\/categories?post=3679"},{"taxonomy":"post_tag","embeddable":true,"href":"https:\/\/agora.xtec.cat\/iescalgravat\/wp-json\/wp\/v2\/tags?post=3679"}],"curies":[{"name":"wp","href":"https:\/\/api.w.org\/{rel}","templated":true}]}}