{"id":3645,"date":"2020-09-11T21:09:09","date_gmt":"2020-09-11T19:09:09","guid":{"rendered":"https:\/\/agora.xtec.cat\/iescalgravat\/?p=3645"},"modified":"2021-09-28T09:21:21","modified_gmt":"2021-09-28T07:21:21","slug":"pla-organitzacio-basic","status":"publish","type":"post","link":"https:\/\/agora.xtec.cat\/iescalgravat\/general\/pla-organitzacio-basic\/","title":{"rendered":"PLA ORGANITZACI\u00d3 B\u00c0SIC"},"content":{"rendered":"<h5 style=\"text-align: justify;\"><a href=\"https:\/\/agora.xtec.cat\/iescalgravat\/wp-content\/uploads\/usu63\/2020\/09\/coronavirus-covid-19-1024x576.jpg\"><img loading=\"lazy\" decoding=\"async\" class=\" wp-image-3651 alignright\" src=\"https:\/\/agora.xtec.cat\/iescalgravat\/wp-content\/uploads\/usu63\/2020\/09\/coronavirus-covid-19-1024x576-300x169.jpg\" alt=\"\" width=\"311\" height=\"175\" srcset=\"https:\/\/agora.xtec.cat\/iescalgravat\/wp-content\/uploads\/usu63\/2020\/09\/coronavirus-covid-19-1024x576-300x169.jpg 300w, https:\/\/agora.xtec.cat\/iescalgravat\/wp-content\/uploads\/usu63\/2020\/09\/coronavirus-covid-19-1024x576-768x432.jpg 768w, https:\/\/agora.xtec.cat\/iescalgravat\/wp-content\/uploads\/usu63\/2020\/09\/coronavirus-covid-19-1024x576.jpg 1024w\" sizes=\"auto, (max-width: 311px) 100vw, 311px\" \/><\/a>El dimarts 8 de setembre es va presentar en reuni\u00f3 telem\u00e0tica al Consell Escolar el <strong><a href=\"https:\/\/agora.xtec.cat\/iescalgravat\/wp-content\/uploads\/usu63\/2020\/09\/PLA_ORG_BASIC_SET_20.pdf\"><span style=\"color: #000080;\"><span style=\"color: #ff0000;\">PLA ORGANITZACI\u00d3 B\u00c0SIC<\/span><\/span><\/a> <\/strong>del centre. Aquest pla ha estat elaborat per l\u2019equip directiu durant el mes de juliol de 2020, i cont\u00e9 una s\u00e8rie de previsions per garantir la seguretat de la comunitat educativa, i per establir mesures de protecci\u00f3.<\/h5>\n<h5 style=\"text-align: justify;\">Aquest document s\u2019ha elaborat seguint les directrius dels documents publicats per l\u2019Administraci\u00f3 donada l\u2019excepcionalitat sanit\u00e0ria, educativa i social que ha originat la pand\u00e8mia provocada pel COVID-19, els centres hem pogut planificar i reorganitzar aspectes de funcionament, fruit d\u2019una reflexi\u00f3 de la realitat de cada centre i de manera participada amb la comunitat educativa. Aix\u00ed, aquests plans d\u2019obertura provisional contenen mesures excepcionals, de reagrupaments dels alumnes, d\u2019atenci\u00f3 d\u2019un nombre redu\u00eft de docents a cada grup, de reajustaments dels horaris d\u2019entrades i sortides, entre d\u2019altres.<\/h5>\n<p>&nbsp;<\/p>\n","protected":false},"excerpt":{"rendered":"<p><a href=\"https:\/\/agora.xtec.cat\/iescalgravat\/wp-content\/uploads\/usu63\/2020\/09\/coronavirus-covid-19-1024x576.jpg\"><\/a>El dimarts 8 de setembre es va presentar en reuni\u00f3 telem\u00e0tica al Consell Escolar el <a href=\"https:\/\/agora.xtec.cat\/iescalgravat\/wp-content\/uploads\/usu63\/2020\/09\/PLA_ORG_BASIC_SET_20.pdf\">PLA ORGANITZACI\u00d3 B\u00c0SIC<\/a> del centre. Aquest pla ha estat elaborat per l\u2019equip directiu durant el mes de juliol de 2020, i cont\u00e9 una s\u00e8rie de previsions per garantir&hellip;  <a href=\"https:\/\/agora.xtec.cat\/iescalgravat\/general\/pla-organitzacio-basic\/\" title=\"Read PLA ORGANITZACI\u00d3 B\u00c0SIC\">Llegeix m\u00e9s\u00bb<\/a><\/p>\n","protected":false},"author":1,"featured_media":3651,"comment_status":"open","ping_status":"closed","sticky":false,"template":"","format":"standard","meta":{"_bbp_topic_count":0,"_bbp_reply_count":0,"_bbp_total_topic_count":0,"_bbp_total_reply_count":0,"_bbp_voice_count":0,"_bbp_anonymous_reply_count":0,"_bbp_topic_count_hidden":0,"_bbp_reply_count_hidden":0,"_bbp_forum_subforum_count":0,"footnotes":""},"categories":[8,30,3,1],"tags":[],"class_list":["post-3645","post","type-post","status-publish","format-standard","has-post-thumbnail","hentry","category-batxillerat","category-cicles-formatius","category-eso","category-general"],"post_mailing_queue_ids":[],"_links":{"self":[{"href":"https:\/\/agora.xtec.cat\/iescalgravat\/wp-json\/wp\/v2\/posts\/3645","targetHints":{"allow":["GET"]}}],"collection":[{"href":"https:\/\/agora.xtec.cat\/iescalgravat\/wp-json\/wp\/v2\/posts"}],"about":[{"href":"https:\/\/agora.xtec.cat\/iescalgravat\/wp-json\/wp\/v2\/types\/post"}],"author":[{"embeddable":true,"href":"https:\/\/agora.xtec.cat\/iescalgravat\/wp-json\/wp\/v2\/users\/1"}],"replies":[{"embeddable":true,"href":"https:\/\/agora.xtec.cat\/iescalgravat\/wp-json\/wp\/v2\/comments?post=3645"}],"version-history":[{"count":3,"href":"https:\/\/agora.xtec.cat\/iescalgravat\/wp-json\/wp\/v2\/posts\/3645\/revisions"}],"predecessor-version":[{"id":3653,"href":"https:\/\/agora.xtec.cat\/iescalgravat\/wp-json\/wp\/v2\/posts\/3645\/revisions\/3653"}],"wp:featuredmedia":[{"embeddable":true,"href":"https:\/\/agora.xtec.cat\/iescalgravat\/wp-json\/wp\/v2\/media\/3651"}],"wp:attachment":[{"href":"https:\/\/agora.xtec.cat\/iescalgravat\/wp-json\/wp\/v2\/media?parent=3645"}],"wp:term":[{"taxonomy":"category","embeddable":true,"href":"https:\/\/agora.xtec.cat\/iescalgravat\/wp-json\/wp\/v2\/categories?post=3645"},{"taxonomy":"post_tag","embeddable":true,"href":"https:\/\/agora.xtec.cat\/iescalgravat\/wp-json\/wp\/v2\/tags?post=3645"}],"curies":[{"name":"wp","href":"https:\/\/api.w.org\/{rel}","templated":true}]}}