{"id":3639,"date":"2020-09-10T23:21:47","date_gmt":"2020-09-10T21:21:47","guid":{"rendered":"https:\/\/agora.xtec.cat\/iescalgravat\/?p=3639"},"modified":"2021-01-12T13:23:16","modified_gmt":"2021-01-12T12:23:16","slug":"reunions-dinici-de-curs","status":"publish","type":"post","link":"https:\/\/agora.xtec.cat\/iescalgravat\/general\/reunions-dinici-de-curs\/","title":{"rendered":"REUNIONS D&#8217;INICI DE CURS"},"content":{"rendered":"<p>Les reunions d&#8217;inici de curs es varen fer el dilluns 7 per l&#8217;alumnat dels estudis postobligatoris (BATX i FPB) i el dimecres 9 per les fam\u00edlies de l&#8217;ESO. Totes es van realitzar de forma telem\u00e0tica amb una assist\u00e8ncia considerable.<\/p>\n<p>A continuaci\u00f3 us passem algunes de les informacions m\u00e9s rellevants:<\/p>\n<ul>\n<li><strong>Breu paraules de Benvinguda<\/strong> <a href=\"https:\/\/youtu.be\/Hw9ZlnKY2sg\">(direcci\u00f3 del centre)<\/a><\/li>\n<li><strong>Horari del 1r dia<\/strong> dilluns <strong>14 de setembre<\/strong> de 2020, tots els grups <strong>han d\u2019entrar<\/strong>\u00a0per la porta principal i annexes (s&#8217;indicar\u00e0 el grup-classe) i els esperar\u00e0 el seu tutor\/a i <strong>sortiran per la porta de la pista esportiva<\/strong>:<br \/>\n<table style=\"width: 676px; height: 173px;\">\n<tbody>\n<tr>\n<td style=\"width: 220.333px;\">\n<h5>1r i 2n ESO<\/h5>\n<\/td>\n<td style=\"width: 447.667px;\">\n<h5>de 8 a 10h<\/h5>\n<\/td>\n<\/tr>\n<tr>\n<td style=\"width: 220.333px;\">\n<h5>3r i 4t ESO<\/h5>\n<\/td>\n<td style=\"width: 447.667px;\">\n<h5>de 10 a 12h<\/h5>\n<\/td>\n<\/tr>\n<tr>\n<td style=\"width: 220.333px;\">\n<h5>1r i 2n BATX \/ FPB<\/h5>\n<\/td>\n<td style=\"width: 447.667px;\">\n<h5>de 12 a 14h<\/h5>\n<\/td>\n<\/tr>\n<\/tbody>\n<\/table>\n<ul>\n<li>Cal venir amb <strong>mascareta<\/strong> i portar la\u00a0 <strong><a href=\"https:\/\/agora.xtec.cat\/iescalgravat\/wp-content\/uploads\/usu63\/2020\/09\/declaracio_responsable.pdf\">declaracio_responsable<\/a><\/strong><\/li>\n<li>Es prega molta puntualitat i venir quan correspongui.<\/li>\n<li>Les fam\u00edlies heu d\u2019evitar venir i entrar al centre. Sobretot cal deixar els espais d&#8217;acc\u00e9s lliures.<\/li>\n<li>Cal portar un estoig per apuntar el que calgui (els donarem nosaltres l&#8217;agenda)<\/li>\n<li>Es mesurar\u00e0 la temperatura a l\u2019alumnat (per sobre de 37,5 \u00baC es trucar\u00e0 a casa per tal que la fam\u00edlia vingui a buscar al seu fill\/a).<\/li>\n<li>El transport s&#8217;adaptar\u00e0 a l&#8217;horari indicat de les franges d&#8217;ESO.<\/li>\n<\/ul>\n<\/li>\n<li><strong>Vies de comunicaci\u00f3<\/strong> amb les fam\u00edlies\n<ul>\n<li>Portal per a les fam\u00edlies <a href=\"https:\/\/sites.google.com\/xtec.cat\/famlies-ins-cal-gravat\/p%C3%A0gina-principal\">https:\/\/sites.google.com\/xtec.cat\/famlies-ins-cal-gravat\/p%C3%A0gina-principal<\/a><\/li>\n<li>Portal Ense <a href=\"https:\/\/www.ense.cat\/icalgravat\/\">https:\/\/www.ense.cat\/icalgravat\/<\/a><\/li>\n<li style=\"text-align: justify;\">I per temes m\u00e9s administratius: <a href=\"mailto:oficines@icalgravat.net\">oficines@icalgravat.net<\/a><\/li>\n<\/ul>\n<\/li>\n<\/ul>\n","protected":false},"excerpt":{"rendered":"<p>Les reunions d&#8217;inici de curs es varen fer el dilluns 7 per l&#8217;alumnat dels estudis postobligatoris (BATX i FPB) i el dimecres 9 per les fam\u00edlies de l&#8217;ESO. Totes es van realitzar de forma telem\u00e0tica amb una assist\u00e8ncia considerable.<br \/>\nA continuaci\u00f3 us passem algunes de les&hellip;  <a href=\"https:\/\/agora.xtec.cat\/iescalgravat\/general\/reunions-dinici-de-curs\/\" title=\"Read REUNIONS D&#8217;INICI DE CURS\">Llegeix m\u00e9s\u00bb<\/a><\/p>\n","protected":false},"author":1,"featured_media":3636,"comment_status":"open","ping_status":"closed","sticky":false,"template":"","format":"standard","meta":{"_bbp_topic_count":0,"_bbp_reply_count":0,"_bbp_total_topic_count":0,"_bbp_total_reply_count":0,"_bbp_voice_count":0,"_bbp_anonymous_reply_count":0,"_bbp_topic_count_hidden":0,"_bbp_reply_count_hidden":0,"_bbp_forum_subforum_count":0,"footnotes":""},"categories":[8,3,1],"tags":[],"class_list":["post-3639","post","type-post","status-publish","format-standard","has-post-thumbnail","hentry","category-batxillerat","category-eso","category-general"],"post_mailing_queue_ids":[],"_links":{"self":[{"href":"https:\/\/agora.xtec.cat\/iescalgravat\/wp-json\/wp\/v2\/posts\/3639","targetHints":{"allow":["GET"]}}],"collection":[{"href":"https:\/\/agora.xtec.cat\/iescalgravat\/wp-json\/wp\/v2\/posts"}],"about":[{"href":"https:\/\/agora.xtec.cat\/iescalgravat\/wp-json\/wp\/v2\/types\/post"}],"author":[{"embeddable":true,"href":"https:\/\/agora.xtec.cat\/iescalgravat\/wp-json\/wp\/v2\/users\/1"}],"replies":[{"embeddable":true,"href":"https:\/\/agora.xtec.cat\/iescalgravat\/wp-json\/wp\/v2\/comments?post=3639"}],"version-history":[{"count":3,"href":"https:\/\/agora.xtec.cat\/iescalgravat\/wp-json\/wp\/v2\/posts\/3639\/revisions"}],"predecessor-version":[{"id":3644,"href":"https:\/\/agora.xtec.cat\/iescalgravat\/wp-json\/wp\/v2\/posts\/3639\/revisions\/3644"}],"wp:featuredmedia":[{"embeddable":true,"href":"https:\/\/agora.xtec.cat\/iescalgravat\/wp-json\/wp\/v2\/media\/3636"}],"wp:attachment":[{"href":"https:\/\/agora.xtec.cat\/iescalgravat\/wp-json\/wp\/v2\/media?parent=3639"}],"wp:term":[{"taxonomy":"category","embeddable":true,"href":"https:\/\/agora.xtec.cat\/iescalgravat\/wp-json\/wp\/v2\/categories?post=3639"},{"taxonomy":"post_tag","embeddable":true,"href":"https:\/\/agora.xtec.cat\/iescalgravat\/wp-json\/wp\/v2\/tags?post=3639"}],"curies":[{"name":"wp","href":"https:\/\/api.w.org\/{rel}","templated":true}]}}