{"id":3538,"date":"2020-07-04T18:11:05","date_gmt":"2020-07-04T16:11:05","guid":{"rendered":"https:\/\/agora.xtec.cat\/iescalgravat\/?p=3538"},"modified":"2020-09-01T21:55:18","modified_gmt":"2020-09-01T19:55:18","slug":"premis-treball-recerca-ub","status":"publish","type":"post","link":"https:\/\/agora.xtec.cat\/iescalgravat\/general\/premis-treball-recerca-ub\/","title":{"rendered":"PREMIS TREBALL RECERCA UB"},"content":{"rendered":"<p style=\"text-align: justify;\"><span class=\"css-901oao css-16my406 r-1qd0xha r-ad9z0x r-bcqeeo r-qvutc0\">El divendres 3 de juliol va estar galardonada l&#8217;Alba Quir\u00f3s pel treball de recerca &#8220;Les dones artistes a Manresa (1936-63) dins dels Premis UB-Santander Facultat Geografia i Hist\u00f2ria Treballs de Recerca. Volem felicitar-la pel seu treball aix\u00ed com al seu tutor Ovidi Cobacho pel seu guiatge. Podeu trobar m\u00e9s informaci\u00f3 a: <\/span><a class=\"r-1n1174f r-1loqt21 r-1qd0xha r-ad9z0x r-bcqeeo r-qvutc0 css-4rbku5 css-18t94o4 css-901oao css-16my406\" dir=\"ltr\" title=\"https:\/\/youtu.be\/OjAw9CW-Y3Y\" role=\"link\" href=\"https:\/\/t.co\/AYLlH8Rhry?amp=1\" target=\"_blank\" rel=\"noopener noreferrer\" data-focusable=\"true\"><span class=\"css-901oao css-16my406 r-1qd0xha r-hiw28u r-ad9z0x r-bcqeeo r-qvutc0\" aria-hidden=\"true\">https:\/\/<\/span>youtu.be\/OjAw9CW-Y3Y<\/a><\/p>\n<table style=\"height: 195px; width: 414px;\" width=\"925\">\n<tbody>\n<tr>\n<td style=\"width: 408px; text-align: center;\"><a href=\"https:\/\/agora.xtec.cat\/iescalgravat\/wp-content\/uploads\/usu63\/2020\/07\/Captura-de-Pantalla-2020-07-03-a-les-18.35.12.png\"><img loading=\"lazy\" decoding=\"async\" class=\"aligncenter wp-image-3539\" src=\"https:\/\/agora.xtec.cat\/iescalgravat\/wp-content\/uploads\/usu63\/2020\/07\/Captura-de-Pantalla-2020-07-03-a-les-18.35.12-300x177.png\" alt=\"\" width=\"384\" height=\"226\" srcset=\"https:\/\/agora.xtec.cat\/iescalgravat\/wp-content\/uploads\/usu63\/2020\/07\/Captura-de-Pantalla-2020-07-03-a-les-18.35.12-300x177.png 300w, https:\/\/agora.xtec.cat\/iescalgravat\/wp-content\/uploads\/usu63\/2020\/07\/Captura-de-Pantalla-2020-07-03-a-les-18.35.12-768x453.png 768w, https:\/\/agora.xtec.cat\/iescalgravat\/wp-content\/uploads\/usu63\/2020\/07\/Captura-de-Pantalla-2020-07-03-a-les-18.35.12.png 981w\" sizes=\"auto, (max-width: 384px) 100vw, 384px\" \/><\/a><\/td>\n<\/tr>\n<\/tbody>\n<\/table>\n<p>&nbsp;<\/p>\n<p>&nbsp;<\/p>\n","protected":false},"excerpt":{"rendered":"<p>El divendres 3 de juliol va estar galardonada l&#8217;Alba Quir\u00f3s pel treball de recerca &#8220;Les dones artistes a Manresa (1936-63) dins dels Premis UB-Santander Facultat Geografia i Hist\u00f2ria Treballs de Recerca. Volem felicitar-la pel seu treball aix\u00ed com al seu tutor Ovidi Cobacho pel seu&hellip;  <a href=\"https:\/\/agora.xtec.cat\/iescalgravat\/general\/premis-treball-recerca-ub\/\" title=\"Read PREMIS TREBALL RECERCA UB\">Llegeix m\u00e9s\u00bb<\/a><\/p>\n","protected":false},"author":1,"featured_media":3539,"comment_status":"open","ping_status":"closed","sticky":false,"template":"","format":"standard","meta":{"_bbp_topic_count":0,"_bbp_reply_count":0,"_bbp_total_topic_count":0,"_bbp_total_reply_count":0,"_bbp_voice_count":0,"_bbp_anonymous_reply_count":0,"_bbp_topic_count_hidden":0,"_bbp_reply_count_hidden":0,"_bbp_forum_subforum_count":0,"footnotes":""},"categories":[8,1],"tags":[],"class_list":["post-3538","post","type-post","status-publish","format-standard","has-post-thumbnail","hentry","category-batxillerat","category-general"],"post_mailing_queue_ids":[],"_links":{"self":[{"href":"https:\/\/agora.xtec.cat\/iescalgravat\/wp-json\/wp\/v2\/posts\/3538","targetHints":{"allow":["GET"]}}],"collection":[{"href":"https:\/\/agora.xtec.cat\/iescalgravat\/wp-json\/wp\/v2\/posts"}],"about":[{"href":"https:\/\/agora.xtec.cat\/iescalgravat\/wp-json\/wp\/v2\/types\/post"}],"author":[{"embeddable":true,"href":"https:\/\/agora.xtec.cat\/iescalgravat\/wp-json\/wp\/v2\/users\/1"}],"replies":[{"embeddable":true,"href":"https:\/\/agora.xtec.cat\/iescalgravat\/wp-json\/wp\/v2\/comments?post=3538"}],"version-history":[{"count":3,"href":"https:\/\/agora.xtec.cat\/iescalgravat\/wp-json\/wp\/v2\/posts\/3538\/revisions"}],"predecessor-version":[{"id":3574,"href":"https:\/\/agora.xtec.cat\/iescalgravat\/wp-json\/wp\/v2\/posts\/3538\/revisions\/3574"}],"wp:featuredmedia":[{"embeddable":true,"href":"https:\/\/agora.xtec.cat\/iescalgravat\/wp-json\/wp\/v2\/media\/3539"}],"wp:attachment":[{"href":"https:\/\/agora.xtec.cat\/iescalgravat\/wp-json\/wp\/v2\/media?parent=3538"}],"wp:term":[{"taxonomy":"category","embeddable":true,"href":"https:\/\/agora.xtec.cat\/iescalgravat\/wp-json\/wp\/v2\/categories?post=3538"},{"taxonomy":"post_tag","embeddable":true,"href":"https:\/\/agora.xtec.cat\/iescalgravat\/wp-json\/wp\/v2\/tags?post=3538"}],"curies":[{"name":"wp","href":"https:\/\/api.w.org\/{rel}","templated":true}]}}