{"id":3503,"date":"2020-06-23T16:59:24","date_gmt":"2020-06-23T14:59:24","guid":{"rendered":"https:\/\/agora.xtec.cat\/iescalgravat\/?p=3503"},"modified":"2020-11-03T20:11:23","modified_gmt":"2020-11-03T19:11:23","slug":"matricula-2020-21-alumnat-del-centre","status":"publish","type":"post","link":"https:\/\/agora.xtec.cat\/iescalgravat\/general\/matricula-2020-21-alumnat-del-centre\/","title":{"rendered":"MATRICULA  2020-21 ALUMNAT DEL CENTRE"},"content":{"rendered":"<p>L&#8217;alumnat del centre per tal de poder formalitzar la Matr\u00edcula pel proper curs 2020-21 cal que seguiu instruccions segons curs. El termini \u00e9s <b>del 25 de juny al 3 de juliol de 2020 i de forma telem\u00e0tica.<a href=\"https:\/\/agora.xtec.cat\/iescalgravat\/wp-content\/uploads\/usu63\/2020\/06\/matricula.png\"><img loading=\"lazy\" decoding=\"async\" class=\" wp-image-3518 alignright\" src=\"https:\/\/agora.xtec.cat\/iescalgravat\/wp-content\/uploads\/usu63\/2020\/06\/matricula-300x225.png\" alt=\"\" width=\"192\" height=\"144\" srcset=\"https:\/\/agora.xtec.cat\/iescalgravat\/wp-content\/uploads\/usu63\/2020\/06\/matricula-300x225.png 300w, https:\/\/agora.xtec.cat\/iescalgravat\/wp-content\/uploads\/usu63\/2020\/06\/matricula-200x150.png 200w, https:\/\/agora.xtec.cat\/iescalgravat\/wp-content\/uploads\/usu63\/2020\/06\/matricula.png 400w\" sizes=\"auto, (max-width: 192px) 100vw, 192px\" \/><\/a><\/b><\/p>\n<p style=\"text-align: justify;\">Per qualsevol dubte podeu contactar, aix\u00ed com enviar tota la documentaci\u00f3:<\/p>\n<ul>\n<li>al tel\u00e8fon<strong> 938742368 (de 9 a 13h)<\/strong><\/li>\n<li style=\"text-align: justify;\">al correu <a href=\"mailto:matricula@icalgravat.net\"><b>matricula@icalgravat.net<\/b><\/a><b><\/b><\/li>\n<\/ul>\n<p><b>2n i 4t d\u2019ESO:\u00a0<\/b><\/p>\n<ul style=\"text-align: justify;\">\n<li>Comprovant Pagament AMPA. <strong><a href=\"https:\/\/agora.xtec.cat\/iescalgravat\/wp-content\/uploads\/usu63\/2020\/06\/carta_pagament_AMPA.pdf\">DOCUMENT<\/a><\/strong><\/li>\n<\/ul>\n<p style=\"text-align: justify;\"><b>3r d\u2019ESO:<\/b><\/p>\n<ul style=\"text-align: justify;\">\n<li>Comprovant Pagament AMPA. <strong><a href=\"https:\/\/agora.xtec.cat\/iescalgravat\/wp-content\/uploads\/usu63\/2020\/06\/carta_pagament_AMPA.pdf\">DOCUMENT<\/a><\/strong><\/li>\n<li>Fotografia mida carnet<\/li>\n<li>Fotoc\u00f2pia DNI\/NIE<\/li>\n<li>Autoritzacions d\u2019eines inform\u00e0tiques\u00a0 +14 anys. <strong><a href=\"https:\/\/agora.xtec.cat\/iescalgravat\/wp-content\/uploads\/usu63\/2020\/06\/autoritzacio14.pdf\">DOCUMENT<\/a><\/strong><\/li>\n<\/ul>\n<p style=\"text-align: justify;\"><b>1r Batxillerat:\u00a0<\/b><\/p>\n<ul style=\"text-align: justify;\">\n<li>Comprovant Pagament AMPA. <strong><a href=\"https:\/\/agora.xtec.cat\/iescalgravat\/wp-content\/uploads\/usu63\/2020\/06\/carta_pagament_AMPA.pdf\">DOCUMENT<\/a><\/strong><\/li>\n<li>Fotografia mida carnet<\/li>\n<li>Fotoc\u00f2pia DNI\/NIE<\/li>\n<\/ul>\n<p style=\"text-align: justify;\"><b>2n Batxillerat i FPB:\u00a0<\/b><\/p>\n<ul style=\"text-align: justify;\">\n<li>Comprovant Pagament AMPA. <strong><a href=\"https:\/\/agora.xtec.cat\/iescalgravat\/wp-content\/uploads\/usu63\/2020\/06\/carta_pagament_AMPA.pdf\">DOCUMENT<\/a><\/strong><\/li>\n<\/ul>\n","protected":false},"excerpt":{"rendered":"<p>L&#8217;alumnat del centre per tal de poder formalitzar la Matr\u00edcula pel proper curs 2020-21 cal que seguiu instruccions segons curs. El termini \u00e9s del 25 de juny al 3 de juliol de 2020 i de forma telem\u00e0tica.<a href=\"https:\/\/agora.xtec.cat\/iescalgravat\/wp-content\/uploads\/usu63\/2020\/06\/matricula.png\"><\/a><br \/>\nPer qualsevol dubte podeu contactar, aix\u00ed com enviar&hellip;  <a href=\"https:\/\/agora.xtec.cat\/iescalgravat\/general\/matricula-2020-21-alumnat-del-centre\/\" title=\"Read MATRICULA  2020-21 ALUMNAT DEL CENTRE\">Llegeix m\u00e9s\u00bb<\/a><\/p>\n","protected":false},"author":1,"featured_media":3518,"comment_status":"open","ping_status":"closed","sticky":false,"template":"","format":"standard","meta":{"_bbp_topic_count":0,"_bbp_reply_count":0,"_bbp_total_topic_count":0,"_bbp_total_reply_count":0,"_bbp_voice_count":0,"_bbp_anonymous_reply_count":0,"_bbp_topic_count_hidden":0,"_bbp_reply_count_hidden":0,"_bbp_forum_subforum_count":0,"footnotes":""},"categories":[31,8,30,3,4,5,6,7,1],"tags":[],"class_list":["post-3503","post","type-post","status-publish","format-standard","has-post-thumbnail","hentry","category-ampa","category-batxillerat","category-cicles-formatius","category-eso","category-eso-1","category-eso-2","category-eso-3","category-eso-4","category-general"],"post_mailing_queue_ids":[],"_links":{"self":[{"href":"https:\/\/agora.xtec.cat\/iescalgravat\/wp-json\/wp\/v2\/posts\/3503","targetHints":{"allow":["GET"]}}],"collection":[{"href":"https:\/\/agora.xtec.cat\/iescalgravat\/wp-json\/wp\/v2\/posts"}],"about":[{"href":"https:\/\/agora.xtec.cat\/iescalgravat\/wp-json\/wp\/v2\/types\/post"}],"author":[{"embeddable":true,"href":"https:\/\/agora.xtec.cat\/iescalgravat\/wp-json\/wp\/v2\/users\/1"}],"replies":[{"embeddable":true,"href":"https:\/\/agora.xtec.cat\/iescalgravat\/wp-json\/wp\/v2\/comments?post=3503"}],"version-history":[{"count":3,"href":"https:\/\/agora.xtec.cat\/iescalgravat\/wp-json\/wp\/v2\/posts\/3503\/revisions"}],"predecessor-version":[{"id":3544,"href":"https:\/\/agora.xtec.cat\/iescalgravat\/wp-json\/wp\/v2\/posts\/3503\/revisions\/3544"}],"wp:featuredmedia":[{"embeddable":true,"href":"https:\/\/agora.xtec.cat\/iescalgravat\/wp-json\/wp\/v2\/media\/3518"}],"wp:attachment":[{"href":"https:\/\/agora.xtec.cat\/iescalgravat\/wp-json\/wp\/v2\/media?parent=3503"}],"wp:term":[{"taxonomy":"category","embeddable":true,"href":"https:\/\/agora.xtec.cat\/iescalgravat\/wp-json\/wp\/v2\/categories?post=3503"},{"taxonomy":"post_tag","embeddable":true,"href":"https:\/\/agora.xtec.cat\/iescalgravat\/wp-json\/wp\/v2\/tags?post=3503"}],"curies":[{"name":"wp","href":"https:\/\/api.w.org\/{rel}","templated":true}]}}