{"id":3501,"date":"2020-07-07T18:44:26","date_gmt":"2020-07-07T16:44:26","guid":{"rendered":"https:\/\/agora.xtec.cat\/iescalgravat\/?p=3501"},"modified":"2020-11-03T20:11:52","modified_gmt":"2020-11-03T19:11:52","slug":"matricula-eso-2020-21-alumnat-nou","status":"publish","type":"post","link":"https:\/\/agora.xtec.cat\/iescalgravat\/general\/matricula-eso-2020-21-alumnat-nou\/","title":{"rendered":"MATRICULA ESO 2020-21 ALUMNAT NOU!"},"content":{"rendered":"<p style=\"text-align: justify;\">L\u2019alumnat de nova incorporaci\u00f3 al centre per tal de poder formalitzar la Matr\u00edcula pel proper curs 2020-21 <strong>via telem\u00e0tica<\/strong>. Nom\u00e9s en casos excepcionals i amb petici\u00f3 de <a href=\"https:\/\/aplicacions.gestioeducativa.gencat.cat\/pls\/apex\/f?p=CITA_PREVIA:4::::4:P4_TIPUS_CALENDARI,P4_DOMINI:03_Oblig,08065330\"><strong>cita pr\u00e8via<\/strong><\/a> o trucant al <strong>938742368<\/strong> es podr\u00e0 entregar al centre. El termini \u00e9s <b>del 13 al 17 de juliol de 2020 i de forma telem\u00e0tica.\u00a0 <a href=\"https:\/\/agora.xtec.cat\/iescalgravat\/wp-content\/uploads\/usu63\/2020\/07\/matri\u0301cula-ESO.jpeg\"><img loading=\"lazy\" decoding=\"async\" class=\" wp-image-3586 alignright\" src=\"https:\/\/agora.xtec.cat\/iescalgravat\/wp-content\/uploads\/usu63\/2020\/07\/matri\u0301cula-ESO-300x228.jpeg\" alt=\"\" width=\"171\" height=\"130\" srcset=\"https:\/\/agora.xtec.cat\/iescalgravat\/wp-content\/uploads\/usu63\/2020\/07\/matri\u0301cula-ESO-300x228.jpeg 300w, https:\/\/agora.xtec.cat\/iescalgravat\/wp-content\/uploads\/usu63\/2020\/07\/matri\u0301cula-ESO.jpeg 720w\" sizes=\"auto, (max-width: 171px) 100vw, 171px\" \/><\/a><br \/>\n<\/b><\/p>\n<p><strong>DOCUMENTACI\u00d3<\/strong><\/p>\n<ul>\n<li style=\"list-style-type: none;\">\n<ul>\n<li style=\"list-style-type: none;\">\n<ul>\n<li>General (tot l&#8217;alumnat):\n<ul>\n<li style=\"list-style-type: none;\">\n<ul>\n<li>Resguard del pagament <strong><a href=\"https:\/\/agora.xtec.cat\/iescalgravat\/wp-content\/uploads\/usu63\/2020\/07\/carta_pagament_AMPA_NOUS.pdf\">DOCUMENT<\/a><\/strong><\/li>\n<li>Foto digital mida carnet<\/li>\n<li>Carnet Vacunes<\/li>\n<li>Autoritzaci\u00f3 \u00fas d\u2019imatge i sortides poblaci\u00f3 <strong><a href=\"https:\/\/agora.xtec.cat\/iescalgravat\/wp-content\/uploads\/usu63\/2020\/07\/Autoritzacions_MAT_2020.pdf\">DOCUMENT<\/a><\/strong><\/li>\n<li>Carta de comprom\u00eds <strong><a href=\"https:\/\/agora.xtec.cat\/iescalgravat\/wp-content\/uploads\/usu63\/2020\/06\/carta-compromis-educatiu_2020.pdf\">DOCUMENT<\/a><\/strong><\/li>\n<li>Full de dades per a la matr\u00edcula<strong>. <\/strong>Cal respondre al formulari <a href=\"https:\/\/forms.gle\/AZHPU38db6Btw2jX9\"><strong>https:\/\/forms.gle\/AZHPU38db6Btw2jX9<\/strong><\/a><\/li>\n<li>Autoritzacions d\u2019eines inform\u00e0tiques -14 anys. <strong><a href=\"https:\/\/agora.xtec.cat\/iescalgravat\/wp-content\/uploads\/usu63\/2020\/07\/Autoritzacio-14.pdf\">DOCUMENT<\/a><\/strong><\/li>\n<\/ul>\n<\/li>\n<\/ul>\n<\/li>\n<li>Depenen del cas:\n<ul>\n<li style=\"list-style-type: none;\">\n<ul>\n<li>Sol\u00b7licitud transport al Consell Comarcal del Bages (si en fa \u00fas). <span lang=\"CA\">El tr\u00e0mit potser telem\u00e0tic o presencial (per descarregar la sol.licitud) a trav\u00e9s de l\u2019enlla\u00e7 <a href=\"https:\/\/www.ccbages.cat\/educacioicultura\/educacio\/transport\/\" target=\"_blank\" rel=\"noopener noreferrer\" data-saferedirecturl=\"https:\/\/www.google.com\/url?q=https:\/\/www.ccbages.cat\/educacioicultura\/educacio\/transport\/&amp;source=gmail&amp;ust=1594141108713000&amp;usg=AFQjCNG9CFzqLgO5R9hnmWqLqaNy5nd7eg\">https:\/\/www.ccbages.cat\/<wbr \/>educacioicultura\/educacio\/<wbr \/>transport\/\u00a0<\/a><\/span><\/li>\n<li>Sol\u00b7licitud de Beca de Material Ajuntament de Manresa (si encara no l&#8217;ha demanat).\u00a0<strong> <a href=\"https:\/\/agora.xtec.cat\/iescalgravat\/general\/ajuts-material-escolar-eso-curs-2020-21\/\" target=\"_blank\" rel=\"noopener noreferrer\">+INFO<\/a><br \/>\n<\/strong><\/li>\n<\/ul>\n<\/li>\n<\/ul>\n<\/li>\n<li><strong>IMPORTANT!<\/strong> Cal aportar butllet\u00ed <strong>Notes final Curs 2019-20<\/strong> si s&#8217;ha de matricular de qualsevol curs que no sigui 1r ESO.<\/li>\n<\/ul>\n<\/li>\n<\/ul>\n<\/li>\n<\/ul>\n<p>Per qualsevol dubte podeu contactar i tamb\u00e9 enviar la documentaci\u00f3:<\/p>\n<ul>\n<li>al correu <a href=\"mailto:matricula@icalgravat.net\" target=\"_blank\" rel=\"noopener noreferrer\"><strong>matricula<span class=\"atwho-query\">@icalgravat.<\/span>net<\/strong><\/a><\/li>\n<li>al tel\u00e8fon <strong>938742368 (de 9 a 13h)<\/strong><\/li>\n<\/ul>\n","protected":false},"excerpt":{"rendered":"<p>L\u2019alumnat de nova incorporaci\u00f3 al centre per tal de poder formalitzar la Matr\u00edcula pel proper curs 2020-21 via telem\u00e0tica. Nom\u00e9s en casos excepcionals i amb petici\u00f3 de <a href=\"https:\/\/aplicacions.gestioeducativa.gencat.cat\/pls\/apex\/f?p=CITA_PREVIA:4::::4:P4_TIPUS_CALENDARI,P4_DOMINI:03_Oblig,08065330\">cita pr\u00e8via<\/a> o trucant al 938742368 es podr\u00e0 entregar al centre. El termini \u00e9s del 13 al&hellip;  <a href=\"https:\/\/agora.xtec.cat\/iescalgravat\/general\/matricula-eso-2020-21-alumnat-nou\/\" title=\"Read MATRICULA ESO 2020-21 ALUMNAT NOU!\">Llegeix m\u00e9s\u00bb<\/a><\/p>\n","protected":false},"author":1,"featured_media":3586,"comment_status":"open","ping_status":"closed","sticky":false,"template":"","format":"standard","meta":{"_bbp_topic_count":0,"_bbp_reply_count":0,"_bbp_total_topic_count":0,"_bbp_total_reply_count":0,"_bbp_voice_count":0,"_bbp_anonymous_reply_count":0,"_bbp_topic_count_hidden":0,"_bbp_reply_count_hidden":0,"_bbp_forum_subforum_count":0,"footnotes":""},"categories":[3,4,5,6,7,1],"tags":[],"class_list":["post-3501","post","type-post","status-publish","format-standard","has-post-thumbnail","hentry","category-eso","category-eso-1","category-eso-2","category-eso-3","category-eso-4","category-general"],"post_mailing_queue_ids":[],"_links":{"self":[{"href":"https:\/\/agora.xtec.cat\/iescalgravat\/wp-json\/wp\/v2\/posts\/3501","targetHints":{"allow":["GET"]}}],"collection":[{"href":"https:\/\/agora.xtec.cat\/iescalgravat\/wp-json\/wp\/v2\/posts"}],"about":[{"href":"https:\/\/agora.xtec.cat\/iescalgravat\/wp-json\/wp\/v2\/types\/post"}],"author":[{"embeddable":true,"href":"https:\/\/agora.xtec.cat\/iescalgravat\/wp-json\/wp\/v2\/users\/1"}],"replies":[{"embeddable":true,"href":"https:\/\/agora.xtec.cat\/iescalgravat\/wp-json\/wp\/v2\/comments?post=3501"}],"version-history":[{"count":3,"href":"https:\/\/agora.xtec.cat\/iescalgravat\/wp-json\/wp\/v2\/posts\/3501\/revisions"}],"predecessor-version":[{"id":3601,"href":"https:\/\/agora.xtec.cat\/iescalgravat\/wp-json\/wp\/v2\/posts\/3501\/revisions\/3601"}],"wp:featuredmedia":[{"embeddable":true,"href":"https:\/\/agora.xtec.cat\/iescalgravat\/wp-json\/wp\/v2\/media\/3586"}],"wp:attachment":[{"href":"https:\/\/agora.xtec.cat\/iescalgravat\/wp-json\/wp\/v2\/media?parent=3501"}],"wp:term":[{"taxonomy":"category","embeddable":true,"href":"https:\/\/agora.xtec.cat\/iescalgravat\/wp-json\/wp\/v2\/categories?post=3501"},{"taxonomy":"post_tag","embeddable":true,"href":"https:\/\/agora.xtec.cat\/iescalgravat\/wp-json\/wp\/v2\/tags?post=3501"}],"curies":[{"name":"wp","href":"https:\/\/api.w.org\/{rel}","templated":true}]}}