{"id":3483,"date":"2020-06-19T12:21:14","date_gmt":"2020-06-19T10:21:14","guid":{"rendered":"https:\/\/agora.xtec.cat\/iescalgravat\/?p=3483"},"modified":"2020-09-18T11:03:24","modified_gmt":"2020-09-18T09:03:24","slug":"ajuts-material-escolar-eso-curs-2020-21","status":"publish","type":"post","link":"https:\/\/agora.xtec.cat\/iescalgravat\/general\/ajuts-material-escolar-eso-curs-2020-21\/","title":{"rendered":"AJUTS MATERIAL ESCOLAR ESO CURS 2020-21"},"content":{"rendered":"<p style=\"text-align: justify;\">Per poder sol\u00b7licitar l\u2019ajut individual per a la compra de llibres, material did\u00e0ctic escolar, i\/o participar de les activitats educatives programades pel centre, l\u2019alumnat que reuneixi els requisits seg\u00fcents: estar empadronat a Manresa, estar matricula\/dat en un centre educatiu de Manresa i pert\u00e0nyer a una unitat familiar de conviv\u00e8ncia que no supera la renda anual fixada en el tram C del barem establert en el sistema de tarifaci\u00f3 social de l\u2019Ajuntament de Manresa per a l\u2019any 2020.<a href=\"https:\/\/agora.xtec.cat\/iescalgravat\/wp-content\/uploads\/usu63\/2020\/06\/beques.jpg\"><img loading=\"lazy\" decoding=\"async\" class=\"size-medium wp-image-3487 alignright\" src=\"https:\/\/agora.xtec.cat\/iescalgravat\/wp-content\/uploads\/usu63\/2020\/06\/beques-300x210.jpg\" alt=\"\" width=\"300\" height=\"210\" srcset=\"https:\/\/agora.xtec.cat\/iescalgravat\/wp-content\/uploads\/usu63\/2020\/06\/beques-300x210.jpg 300w, https:\/\/agora.xtec.cat\/iescalgravat\/wp-content\/uploads\/usu63\/2020\/06\/beques.jpg 500w\" sizes=\"auto, (max-width: 300px) 100vw, 300px\" \/><\/a><\/p>\n<p>Ser\u00e0 requisit imprescindible per a la tramitaci\u00f3 de l\u2019ajut, l\u2019aportaci\u00f3 de la documentaci\u00f3 seg\u00fcent: Impr\u00e8s de sol\u00b7licitud, NIF\/NIE i Llibre o llibres de fam\u00edlia.<\/p>\n<p><strong>DOCUMENTACI\u00f3:<\/strong><\/p>\n<ul>\n<li>Podeu descarregar de la web de l&#8217;Ajuntament. <a href=\"https:\/\/www.manresa.cat\/web\/article\/10741-ajuts-de-material-escolar\">https:\/\/www.manresa.cat\/web\/article\/10741-ajuts-de-material-escolar<\/a><\/li>\n<li>Del 22 al 26 de juny tamb\u00e9 poden passar-la a recollir per l&#8217;Edifici Infants (Crta de Vic, 16) de 9 a 13h.<\/li>\n<\/ul>\n<h5><strong>IMPORTANT<\/strong>:<strong> S\u2019ha d\u2019entregar aquesta documentaci\u00f3 a l\u2019Ajuntament de Manresa, Edifici Infants Crta Vic 16<\/strong> <strong><u>dimecres 2 i dijous 3 de juliol <\/u><u>en horari d\u2019oficines de 9 a 13h.<\/u><\/strong><\/h5>\n<p>&nbsp;<\/p>\n","protected":false},"excerpt":{"rendered":"<p>Per poder sol\u00b7licitar l\u2019ajut individual per a la compra de llibres, material did\u00e0ctic escolar, i\/o participar de les activitats educatives programades pel centre, l\u2019alumnat que reuneixi els requisits seg\u00fcents: estar empadronat a Manresa, estar matricula\/dat en un centre educatiu de Manresa i pert\u00e0nyer a una&hellip;  <a href=\"https:\/\/agora.xtec.cat\/iescalgravat\/general\/ajuts-material-escolar-eso-curs-2020-21\/\" title=\"Read AJUTS MATERIAL ESCOLAR ESO CURS 2020-21\">Llegeix m\u00e9s\u00bb<\/a><\/p>\n","protected":false},"author":1,"featured_media":3487,"comment_status":"open","ping_status":"closed","sticky":false,"template":"","format":"standard","meta":{"_bbp_topic_count":0,"_bbp_reply_count":0,"_bbp_total_topic_count":0,"_bbp_total_reply_count":0,"_bbp_voice_count":0,"_bbp_anonymous_reply_count":0,"_bbp_topic_count_hidden":0,"_bbp_reply_count_hidden":0,"_bbp_forum_subforum_count":0,"footnotes":""},"categories":[31,3,4,5,6,7,1],"tags":[],"class_list":["post-3483","post","type-post","status-publish","format-standard","has-post-thumbnail","hentry","category-ampa","category-eso","category-eso-1","category-eso-2","category-eso-3","category-eso-4","category-general"],"post_mailing_queue_ids":[],"_links":{"self":[{"href":"https:\/\/agora.xtec.cat\/iescalgravat\/wp-json\/wp\/v2\/posts\/3483","targetHints":{"allow":["GET"]}}],"collection":[{"href":"https:\/\/agora.xtec.cat\/iescalgravat\/wp-json\/wp\/v2\/posts"}],"about":[{"href":"https:\/\/agora.xtec.cat\/iescalgravat\/wp-json\/wp\/v2\/types\/post"}],"author":[{"embeddable":true,"href":"https:\/\/agora.xtec.cat\/iescalgravat\/wp-json\/wp\/v2\/users\/1"}],"replies":[{"embeddable":true,"href":"https:\/\/agora.xtec.cat\/iescalgravat\/wp-json\/wp\/v2\/comments?post=3483"}],"version-history":[{"count":3,"href":"https:\/\/agora.xtec.cat\/iescalgravat\/wp-json\/wp\/v2\/posts\/3483\/revisions"}],"predecessor-version":[{"id":3489,"href":"https:\/\/agora.xtec.cat\/iescalgravat\/wp-json\/wp\/v2\/posts\/3483\/revisions\/3489"}],"wp:featuredmedia":[{"embeddable":true,"href":"https:\/\/agora.xtec.cat\/iescalgravat\/wp-json\/wp\/v2\/media\/3487"}],"wp:attachment":[{"href":"https:\/\/agora.xtec.cat\/iescalgravat\/wp-json\/wp\/v2\/media?parent=3483"}],"wp:term":[{"taxonomy":"category","embeddable":true,"href":"https:\/\/agora.xtec.cat\/iescalgravat\/wp-json\/wp\/v2\/categories?post=3483"},{"taxonomy":"post_tag","embeddable":true,"href":"https:\/\/agora.xtec.cat\/iescalgravat\/wp-json\/wp\/v2\/tags?post=3483"}],"curies":[{"name":"wp","href":"https:\/\/api.w.org\/{rel}","templated":true}]}}