{"id":3442,"date":"2020-06-10T13:09:53","date_gmt":"2020-06-10T11:09:53","guid":{"rendered":"https:\/\/agora.xtec.cat\/iescalgravat\/?p=3442"},"modified":"2020-11-03T20:12:50","modified_gmt":"2020-11-03T19:12:50","slug":"formacio-professional-basica-dauxiliar-administratiu","status":"publish","type":"post","link":"https:\/\/agora.xtec.cat\/iescalgravat\/general\/formacio-professional-basica-dauxiliar-administratiu\/","title":{"rendered":"FORMACI\u00d3 PROFESSIONAL B\u00c0SICA D&#8217;AUXILIAR ADMINISTRATIU"},"content":{"rendered":"<p dir=\"ltr\" style=\"text-align: justify;\">Per\u00edode <a href=\"https:\/\/agora.xtec.cat\/iescalgravat\/wp-content\/uploads\/usu63\/2020\/06\/FPB.jpg\"><img loading=\"lazy\" decoding=\"async\" class=\"wp-image-3448 alignleft\" src=\"https:\/\/agora.xtec.cat\/iescalgravat\/wp-content\/uploads\/usu63\/2020\/06\/FPB-300x188.jpg\" alt=\"\" width=\"410\" height=\"257\" srcset=\"https:\/\/agora.xtec.cat\/iescalgravat\/wp-content\/uploads\/usu63\/2020\/06\/FPB-300x188.jpg 300w, https:\/\/agora.xtec.cat\/iescalgravat\/wp-content\/uploads\/usu63\/2020\/06\/FPB.jpg 512w\" sizes=\"auto, (max-width: 410px) 100vw, 410px\" \/><\/a>presentaci\u00f3 sol\u00b7licituds: del <b>15 de juny al 25 de juny 2020<\/b><\/p>\n<p>&nbsp;<\/p>\n<p>&nbsp;<\/p>\n<p>&nbsp;<\/p>\n<p>&nbsp;<\/p>\n<p>&nbsp;<\/p>\n<p style=\"text-align: justify;\"><span style=\"color: #000000; font-family: Arial;\">Cal <b>demanar hora telef\u00f2nicament (938742368) per venir a presentar la <strong> <a href=\"https:\/\/agora.xtec.cat\/iescalgravat\/wp-content\/uploads\/usu63\/2020\/06\/Model-sollicitud-preinscripcio\u0301-FPB-2020_21-v02-FORM.pdf\" target=\"_blank\" rel=\"noopener noreferrer\">SOL\u00b7LICITUD<\/a><\/strong> emplenada al centre<\/b> o b\u00e9 podeu enviar al mail <strong>preins@icalgravat.net<\/strong> juntament amb la documentaci\u00f3 seg\u00fcent:<\/span><\/p>\n<p dir=\"ltr\" style=\"text-align: justify;\">&#8211; Original i fotoc\u00f2pia del DNI de la persona sol\u00b7licitant (pare, mare, tutor o tutora o guardador o guardadora de fet) o, si la persona sol\u00b7licitant \u00e9s estrangera, de la targeta de resid\u00e8ncia on consta el NIE o del passaport. Si es tracta d\u2019estrangers comunitaris, document d\u2019identitat del pa\u00eds d\u2019origen.<\/p>\n<p dir=\"ltr\" style=\"text-align: justify;\">&#8211; Original i fotoc\u00f2pia del DNI de l\u2019alumne o alumna.<\/p>\n<p dir=\"ltr\" style=\"text-align: justify;\">&#8211; Original i fotoc\u00f2pia del llibre de fam\u00edlia o altres documents relatius a la filiaci\u00f3. Si l\u2019alumne\/a es troba en situaci\u00f3 d\u2019acolliment, la resoluci\u00f3 d\u2019acolliment del Depart. Treball, Afers Socials i Fam\u00edlies.<\/p>\n<p dir=\"ltr\" style=\"text-align: justify;\">&#8211; Original del consell orientador rebut amb recomanaci\u00f3 d\u2019incorporaci\u00f3 a un cicle de formaci\u00f3 professional b\u00e0sica, aix\u00ed com l\u2019altra documentaci\u00f3 acreditativa dels cursos d\u2019ESO superats o cursats, i de les qualificacions obtingudes.<\/p>\n<p dir=\"ltr\" style=\"text-align: justify;\">L\u2019alumnat que en el moment en qu\u00e8 finalitza el termini de reclamaci\u00f3 de l\u2019ordenaci\u00f3 provisional no hagi presentat el consell orientador corresponent no obtindr\u00e0 pla\u00e7a assignada.<\/p>\n<p style=\"text-align: justify;\"><span style=\"color: #000000; font-family: Arial;\"><b>Calendari a tenir present: <\/b><\/span><\/p>\n<p dir=\"ltr\" style=\"text-align: justify;\">&#8211; Publicaci\u00f3 de la llista de sol\u00b7licituds al centre, amb l\u2019ordenaci\u00f3 provisional d\u2019acord amb els blocs de prioritat: no m\u00e9s tard del 30 de juny de 2020<\/p>\n<p dir=\"ltr\" style=\"text-align: justify;\">&#8211; Termini de reclamaci\u00f3 de l\u2019ordenaci\u00f3 provisional: 1 al 3 de juliol de 2020.<\/p>\n<p dir=\"ltr\" style=\"text-align: justify;\">&#8211; Publicaci\u00f3 de la llista de sol\u00b7licituds d\u2019admissi\u00f3 al centre amb l\u2019ordenaci\u00f3 definitiva i llista d\u2019alumnes admesos: 6 de juliol de 2020.<\/p>\n<p dir=\"ltr\" style=\"text-align: justify;\">&#8211; Per\u00edode de matr\u00edcula: del 7 de juliol al 14 de juliol de 2020, i del 2 al 4 de setembre de 2020.<\/p>\n","protected":false},"excerpt":{"rendered":"<p>Per\u00edode <a href=\"https:\/\/agora.xtec.cat\/iescalgravat\/wp-content\/uploads\/usu63\/2020\/06\/FPB.jpg\"><\/a>presentaci\u00f3 sol\u00b7licituds: del 15 de juny al 25 de juny 2020<br \/>\n&nbsp;<br \/>\n&nbsp;<br \/>\n&nbsp;<br \/>\n&nbsp;<br \/>\n&nbsp;<br \/>\nCal demanar hora telef\u00f2nicament (938742368) per venir a presentar la  <a href=\"https:\/\/agora.xtec.cat\/iescalgravat\/wp-content\/uploads\/usu63\/2020\/06\/Model-sollicitud-preinscripcio\u0301-FPB-2020_21-v02-FORM.pdf\" target=\"_blank\" rel=\"noopener noreferrer\">SOL\u00b7LICITUD<\/a> emplenada al centre o b\u00e9 podeu enviar al mail preins@icalgravat.net juntament amb la documentaci\u00f3 seg\u00fcent:<br \/>\n&#8211; Original i&hellip;  <a href=\"https:\/\/agora.xtec.cat\/iescalgravat\/general\/formacio-professional-basica-dauxiliar-administratiu\/\" title=\"Read FORMACI\u00d3 PROFESSIONAL B\u00c0SICA D&#8217;AUXILIAR ADMINISTRATIU\">Llegeix m\u00e9s\u00bb<\/a><\/p>\n","protected":false},"author":1,"featured_media":3448,"comment_status":"open","ping_status":"closed","sticky":false,"template":"","format":"standard","meta":{"_bbp_topic_count":0,"_bbp_reply_count":0,"_bbp_total_topic_count":0,"_bbp_total_reply_count":0,"_bbp_voice_count":0,"_bbp_anonymous_reply_count":0,"_bbp_topic_count_hidden":0,"_bbp_reply_count_hidden":0,"_bbp_forum_subforum_count":0,"footnotes":""},"categories":[1],"tags":[],"class_list":["post-3442","post","type-post","status-publish","format-standard","has-post-thumbnail","hentry","category-general"],"post_mailing_queue_ids":[],"_links":{"self":[{"href":"https:\/\/agora.xtec.cat\/iescalgravat\/wp-json\/wp\/v2\/posts\/3442","targetHints":{"allow":["GET"]}}],"collection":[{"href":"https:\/\/agora.xtec.cat\/iescalgravat\/wp-json\/wp\/v2\/posts"}],"about":[{"href":"https:\/\/agora.xtec.cat\/iescalgravat\/wp-json\/wp\/v2\/types\/post"}],"author":[{"embeddable":true,"href":"https:\/\/agora.xtec.cat\/iescalgravat\/wp-json\/wp\/v2\/users\/1"}],"replies":[{"embeddable":true,"href":"https:\/\/agora.xtec.cat\/iescalgravat\/wp-json\/wp\/v2\/comments?post=3442"}],"version-history":[{"count":3,"href":"https:\/\/agora.xtec.cat\/iescalgravat\/wp-json\/wp\/v2\/posts\/3442\/revisions"}],"predecessor-version":[{"id":3460,"href":"https:\/\/agora.xtec.cat\/iescalgravat\/wp-json\/wp\/v2\/posts\/3442\/revisions\/3460"}],"wp:featuredmedia":[{"embeddable":true,"href":"https:\/\/agora.xtec.cat\/iescalgravat\/wp-json\/wp\/v2\/media\/3448"}],"wp:attachment":[{"href":"https:\/\/agora.xtec.cat\/iescalgravat\/wp-json\/wp\/v2\/media?parent=3442"}],"wp:term":[{"taxonomy":"category","embeddable":true,"href":"https:\/\/agora.xtec.cat\/iescalgravat\/wp-json\/wp\/v2\/categories?post=3442"},{"taxonomy":"post_tag","embeddable":true,"href":"https:\/\/agora.xtec.cat\/iescalgravat\/wp-json\/wp\/v2\/tags?post=3442"}],"curies":[{"name":"wp","href":"https:\/\/api.w.org\/{rel}","templated":true}]}}