{"id":3423,"date":"2020-05-30T12:04:35","date_gmt":"2020-05-30T10:04:35","guid":{"rendered":"https:\/\/agora.xtec.cat\/iescalgravat\/?p=3423"},"modified":"2020-09-01T21:57:06","modified_gmt":"2020-09-01T19:57:06","slug":"pla-dobertura","status":"publish","type":"post","link":"https:\/\/agora.xtec.cat\/iescalgravat\/general\/pla-dobertura\/","title":{"rendered":"PLA D\u2019OBERTURA"},"content":{"rendered":"<p style=\"text-align: justify;\"><a href=\"https:\/\/agora.xtec.cat\/iescalgravat\/wp-content\/uploads\/usu63\/2020\/05\/calendari.jpg\"><img loading=\"lazy\" decoding=\"async\" class=\" wp-image-3429 alignleft\" src=\"https:\/\/agora.xtec.cat\/iescalgravat\/wp-content\/uploads\/usu63\/2020\/05\/calendari-300x300.jpg\" alt=\"\" width=\"277\" height=\"277\" srcset=\"https:\/\/agora.xtec.cat\/iescalgravat\/wp-content\/uploads\/usu63\/2020\/05\/calendari-300x300.jpg 300w, https:\/\/agora.xtec.cat\/iescalgravat\/wp-content\/uploads\/usu63\/2020\/05\/calendari-150x150.jpg 150w, https:\/\/agora.xtec.cat\/iescalgravat\/wp-content\/uploads\/usu63\/2020\/05\/calendari.jpg 600w\" sizes=\"auto, (max-width: 277px) 100vw, 277px\" \/><\/a>Amb l\u2019arribada de la Fase 2 de desescalada en el confinament del Covid-19, prevista pel proper dilluns 1 de juny de 2020 s\u2019han dictat instruccions per la reobertura del centres educatius. Segons les instruccions rebudes s&#8217;ha elaborat un <strong><span class=\"has-inline-color\">Pla d\u2019Obertura del Centre<\/span><\/strong>, que trobareu adjunt, on es regulen les condicions d\u2019aquesta obertura i que a grans trets implica:<\/p>\n<ul>\n<li style=\"list-style-type: none;\">\n<ul>\n<li style=\"list-style-type: none;\">\n<ul>\n<li style=\"text-align: justify;\">El curs, a nivell lectiu, s&#8217;acabar\u00e0 <b>en format telem\u00e0tic el divendres 19 de juny.<\/b><\/li>\n<li style=\"text-align: justify;\">El retorn al centre per part dels alumnes \u00e9s voluntari.<\/li>\n<li style=\"text-align: justify;\">L\u2019assist\u00e8ncia de l\u2019alumnat a partir de l\u20191 de juny es far\u00e0 pr\u00e8via <b>demanda al tutor\/a individual<\/b> i s\u2019haur\u00e0 de presentar aquesta <a href=\"https:\/\/drive.google.com\/file\/d\/1O8_vp-R4EXscugF-xpEc37FRPYY4_fl4\/view?usp=sharing\"><b>declaraci\u00f3 responsable<\/b><\/a> conforme es compleixen els requisits indicats en aquest PLA D\u2019OBERTURA. Important veure les mesures de seguretat que s\u2019adjunten (*).<\/li>\n<li style=\"text-align: justify;\">El criteri general \u00e9s que nom\u00e9s en casos espec\u00edfics es reactivar\u00e0 el servei de transport escolar.<\/li>\n<\/ul>\n<\/li>\n<\/ul>\n<\/li>\n<\/ul>\n<p><strong><a href=\"https:\/\/agora.xtec.cat\/iescalgravat\/wp-content\/uploads\/usu63\/2020\/05\/PLA-D\u2019OBERTURA_families1.pdf\" target=\"_blank\" rel=\"noopener noreferrer\">+ INFORMACI\u00d3 <\/a><\/strong><\/p>\n","protected":false},"excerpt":{"rendered":"<p><a href=\"https:\/\/agora.xtec.cat\/iescalgravat\/wp-content\/uploads\/usu63\/2020\/05\/calendari.jpg\"><\/a>Amb l\u2019arribada de la Fase 2 de desescalada en el confinament del Covid-19, prevista pel proper dilluns 1 de juny de 2020 s\u2019han dictat instruccions per la reobertura del centres educatius. Segons les instruccions rebudes s&#8217;ha elaborat un Pla d\u2019Obertura del Centre, que trobareu&hellip;  <a href=\"https:\/\/agora.xtec.cat\/iescalgravat\/general\/pla-dobertura\/\" title=\"Read PLA D\u2019OBERTURA\">Llegeix m\u00e9s\u00bb<\/a><\/p>\n","protected":false},"author":1,"featured_media":3429,"comment_status":"open","ping_status":"closed","sticky":false,"template":"","format":"standard","meta":{"_bbp_topic_count":0,"_bbp_reply_count":0,"_bbp_total_topic_count":0,"_bbp_total_reply_count":0,"_bbp_voice_count":0,"_bbp_anonymous_reply_count":0,"_bbp_topic_count_hidden":0,"_bbp_reply_count_hidden":0,"_bbp_forum_subforum_count":0,"footnotes":""},"categories":[31,8,3,1],"tags":[],"class_list":["post-3423","post","type-post","status-publish","format-standard","has-post-thumbnail","hentry","category-ampa","category-batxillerat","category-eso","category-general"],"post_mailing_queue_ids":[],"_links":{"self":[{"href":"https:\/\/agora.xtec.cat\/iescalgravat\/wp-json\/wp\/v2\/posts\/3423","targetHints":{"allow":["GET"]}}],"collection":[{"href":"https:\/\/agora.xtec.cat\/iescalgravat\/wp-json\/wp\/v2\/posts"}],"about":[{"href":"https:\/\/agora.xtec.cat\/iescalgravat\/wp-json\/wp\/v2\/types\/post"}],"author":[{"embeddable":true,"href":"https:\/\/agora.xtec.cat\/iescalgravat\/wp-json\/wp\/v2\/users\/1"}],"replies":[{"embeddable":true,"href":"https:\/\/agora.xtec.cat\/iescalgravat\/wp-json\/wp\/v2\/comments?post=3423"}],"version-history":[{"count":3,"href":"https:\/\/agora.xtec.cat\/iescalgravat\/wp-json\/wp\/v2\/posts\/3423\/revisions"}],"predecessor-version":[{"id":3431,"href":"https:\/\/agora.xtec.cat\/iescalgravat\/wp-json\/wp\/v2\/posts\/3423\/revisions\/3431"}],"wp:featuredmedia":[{"embeddable":true,"href":"https:\/\/agora.xtec.cat\/iescalgravat\/wp-json\/wp\/v2\/media\/3429"}],"wp:attachment":[{"href":"https:\/\/agora.xtec.cat\/iescalgravat\/wp-json\/wp\/v2\/media?parent=3423"}],"wp:term":[{"taxonomy":"category","embeddable":true,"href":"https:\/\/agora.xtec.cat\/iescalgravat\/wp-json\/wp\/v2\/categories?post=3423"},{"taxonomy":"post_tag","embeddable":true,"href":"https:\/\/agora.xtec.cat\/iescalgravat\/wp-json\/wp\/v2\/tags?post=3423"}],"curies":[{"name":"wp","href":"https:\/\/api.w.org\/{rel}","templated":true}]}}