{"id":3373,"date":"2020-05-09T13:54:26","date_gmt":"2020-05-09T11:54:26","guid":{"rendered":"https:\/\/agora.xtec.cat\/iescalgravat\/?p=3373"},"modified":"2020-09-15T13:02:25","modified_gmt":"2020-09-15T11:02:25","slug":"preinscripcio-estudis-eso-curs-2019-20","status":"publish","type":"post","link":"https:\/\/agora.xtec.cat\/iescalgravat\/general\/preinscripcio-estudis-eso-curs-2019-20\/","title":{"rendered":"PREINSCRIPCI\u00d3 I MATRICULA ESO 2020-21"},"content":{"rendered":"<ul>\n<li>\n<h4><a href=\"https:\/\/agora.xtec.cat\/iescalgravat\/wp-content\/uploads\/usu63\/2020\/05\/alumnat-assignat.pdf\" target=\"_blank\" rel=\"noopener noreferrer\"><strong>alumnat assignat<\/strong><\/a> i <a href=\"https:\/\/agora.xtec.cat\/iescalgravat\/wp-content\/uploads\/usu63\/2020\/05\/INFORME_LLISTA_ESPERA_OME_LLISTA_ESPERA.pdf\" target=\"_blank\" rel=\"noopener noreferrer\">Llista d&#8217;espera <\/a>(7 de juliol de 2020)<\/h4>\n<\/li>\n<li>Les reclamacions <span lang=\"CA\">a les assignacions (o no assignacions), caldr\u00e0 presentar-les a l&#8217;OME el mateix dia de la publicaci\u00f3 de les llistes i fins dijous (7, 8 i 9 de juliol, amb cita pr\u00e8via). <a href=\"https:\/\/agora.xtec.cat\/iescalgravat\/wp-content\/uploads\/usu63\/2020\/05\/OME-Model-de-reclamacio\u0301-a-la-preinscripcio\u0301-2021.pdf\" target=\"_blank\" rel=\"noopener noreferrer\"><strong>Model reclamacio\u0301 preinscripcio\u0301 2021<\/strong><\/a><br \/>\n<\/span><\/li>\n<li>El <strong style=\"font-family: inherit; font-size: 1em;\">per\u00edode de <a href=\"https:\/\/agora.xtec.cat\/iescalgravat\/general\/matricula-eso-2020-21-alumnat-nou\/\">matr\u00edcula<\/a> ser\u00e0: del 13 al 17 de juliol<\/strong><span style=\"font-family: inherit; font-size: 1em;\">, ambd\u00f3s inclosos.\u00a0<\/span><\/li>\n<\/ul>\n<p>Per qualsevol dubte podeu contactar:<\/p>\n<ul>\n<li>al correu <a href=\"http:\/\/preins@icalgravat.net\/\">preins@icalgravat.net<\/a><\/li>\n<li>al tel\u00e8fon <strong>628400501 \/ 938742368 (de 9 a 13h)<\/strong><\/li>\n<\/ul>\n<p>&nbsp;<\/p>\n<div class=\"addtoany_share_save_container addtoany_content addtoany_content_bottom\">\n<div class=\"a2a_kit a2a_kit_size_25 addtoany_list\" data-a2a-url=\"https:\/\/agora.xtec.cat\/iescalgravat\/general\/preinscripcio-estudis-eso-curs-2019-20\/\" data-a2a-title=\"PREINSCRIPCI\u00d3 I MATRICULA ESO 2020-21\"><\/div>\n<\/div>\n<p>&nbsp;<\/p>\n","protected":false},"excerpt":{"rendered":"<ul>\n<li>\n<a href=\"https:\/\/agora.xtec.cat\/iescalgravat\/wp-content\/uploads\/usu63\/2020\/05\/alumnat-assignat.pdf\" target=\"_blank\" rel=\"noopener noreferrer\">alumnat assignat<\/a> i <a href=\"https:\/\/agora.xtec.cat\/iescalgravat\/wp-content\/uploads\/usu63\/2020\/05\/INFORME_LLISTA_ESPERA_OME_LLISTA_ESPERA.pdf\" target=\"_blank\" rel=\"noopener noreferrer\">Llista d&#8217;espera <\/a>(7 de juliol de 2020)\n<\/li>\n<li>Les reclamacions a les assignacions (o no assignacions), caldr\u00e0 presentar-les a l&#8217;OME el mateix dia de la publicaci\u00f3 de les llistes i fins dijous (7, 8 i 9&hellip;  <a href=\"https:\/\/agora.xtec.cat\/iescalgravat\/general\/preinscripcio-estudis-eso-curs-2019-20\/\" title=\"Read PREINSCRIPCI\u00d3 I MATRICULA ESO 2020-21\">Llegeix m\u00e9s\u00bb<\/a><br \/>\n","protected":false},"author":1,"featured_media":3367,"comment_status":"open","ping_status":"closed","sticky":false,"template":"","format":"standard","meta":{"_bbp_topic_count":0,"_bbp_reply_count":0,"_bbp_total_topic_count":0,"_bbp_total_reply_count":0,"_bbp_voice_count":0,"_bbp_anonymous_reply_count":0,"_bbp_topic_count_hidden":0,"_bbp_reply_count_hidden":0,"_bbp_forum_subforum_count":0,"footnotes":""},"categories":[3,1],"tags":[],"class_list":["post-3373","post","type-post","status-publish","format-standard","has-post-thumbnail","hentry","category-eso","category-general"],"post_mailing_queue_ids":[],"_links":{"self":[{"href":"https:\/\/agora.xtec.cat\/iescalgravat\/wp-json\/wp\/v2\/posts\/3373","targetHints":{"allow":["GET"]}}],"collection":[{"href":"https:\/\/agora.xtec.cat\/iescalgravat\/wp-json\/wp\/v2\/posts"}],"about":[{"href":"https:\/\/agora.xtec.cat\/iescalgravat\/wp-json\/wp\/v2\/types\/post"}],"author":[{"embeddable":true,"href":"https:\/\/agora.xtec.cat\/iescalgravat\/wp-json\/wp\/v2\/users\/1"}],"replies":[{"embeddable":true,"href":"https:\/\/agora.xtec.cat\/iescalgravat\/wp-json\/wp\/v2\/comments?post=3373"}],"version-history":[{"count":3,"href":"https:\/\/agora.xtec.cat\/iescalgravat\/wp-json\/wp\/v2\/posts\/3373\/revisions"}],"predecessor-version":[{"id":3591,"href":"https:\/\/agora.xtec.cat\/iescalgravat\/wp-json\/wp\/v2\/posts\/3373\/revisions\/3591"}],"wp:featuredmedia":[{"embeddable":true,"href":"https:\/\/agora.xtec.cat\/iescalgravat\/wp-json\/wp\/v2\/media\/3367"}],"wp:attachment":[{"href":"https:\/\/agora.xtec.cat\/iescalgravat\/wp-json\/wp\/v2\/media?parent=3373"}],"wp:term":[{"taxonomy":"category","embeddable":true,"href":"https:\/\/agora.xtec.cat\/iescalgravat\/wp-json\/wp\/v2\/categories?post=3373"},{"taxonomy":"post_tag","embeddable":true,"href":"https:\/\/agora.xtec.cat\/iescalgravat\/wp-json\/wp\/v2\/tags?post=3373"}],"curies":[{"name":"wp","href":"https:\/\/api.w.org\/{rel}","templated":true}]}}