{"id":3363,"date":"2020-05-02T17:29:15","date_gmt":"2020-05-02T15:29:15","guid":{"rendered":"https:\/\/agora.xtec.cat\/iescalgravat\/?p=3363"},"modified":"2020-09-01T21:58:29","modified_gmt":"2020-09-01T19:58:29","slug":"videoconferencies-informatives-per-a-les-families","status":"publish","type":"post","link":"https:\/\/agora.xtec.cat\/iescalgravat\/general\/videoconferencies-informatives-per-a-les-families\/","title":{"rendered":"VIDEOCONFER\u00c8NCIES INFORMATIVES PER A LES FAM\u00cdLIES"},"content":{"rendered":"<div>\n<h5 style=\"text-align: justify;\">Les preinscripcions i matr\u00edcules del proper curs 2020-21 s&#8217;han ajornat, aix\u00ed com tampoc s&#8217;han pogut fer les <span style=\"font-family: inherit; font-size: 1em;\">Jornades de Portes Obertes tal i com les hav\u00edem previst.<\/span><\/h5>\n<\/div>\n<h5 style=\"text-align: justify;\">Per aquest motiu, tot i esperant que es publiquin les dates de la preinscripci\u00f3, durant aquest mes de maig us proposem, a les fam\u00edlies que teniu dubtes o b\u00e9 voleu m\u00e9s informaci\u00f3 del centre, poder realitzar una <strong>videoconfer\u00e8ncia<\/strong> concertada.<\/h5>\n<h5 style=\"text-align: justify;\">Si esteu interessats ens ho podeu sol\u00b7licitar al mail del centre (<a href=\"mailto:iescalgravat@xtec.cat\" target=\"_blank\" rel=\"noopener noreferrer\">iescalgravat@xtec.cat<\/a>)<\/h5>\n<h5 style=\"text-align: justify;\"><\/h5>\n<h5 style=\"text-align: justify;\">M\u00e9s informaci\u00f3:<\/h5>\n<ul style=\"text-align: left;\">\n<li><strong><a href=\"https:\/\/agora.xtec.cat\/iescalgravat\/wp-content\/uploads\/usu63\/2020\/03\/PO_ESO_20202_compressed.pdf\" target=\"_blank\" rel=\"noopener noreferrer\" data-saferedirecturl=\"https:\/\/www.google.com\/url?q=https:\/\/agora.xtec.cat\/iescalgravat\/wp-content\/uploads\/usu63\/2020\/03\/PO_ESO_20202_compressed.pdf&amp;source=gmail&amp;ust=1588519465974000&amp;usg=AFQjCNGqsAEo5KEt3DJhTzsOjIqYt6wbtw\">TR\u00cdPTIC INFORMACI\u00d3 GENERAL<\/a><\/strong><\/li>\n<li><strong><a href=\"https:\/\/youtu.be\/smxd5fsZIFA\" target=\"_blank\" rel=\"noopener noreferrer\" data-saferedirecturl=\"https:\/\/www.google.com\/url?q=https:\/\/youtu.be\/smxd5fsZIFA&amp;source=gmail&amp;ust=1588519465974000&amp;usg=AFQjCNGBEduQMC45_OHICp9EvkPyls7FOw\">V\u00cdDEO PRESENTACI\u00d3 DEL CENTRE I ACTIVITATS<\/a><\/strong><\/li>\n<li><b>Web del\u00a0<a href=\"http:\/\/queestudiar.gencat.cat\/ca\/preinscripcio\/\" target=\"_blank\" rel=\"noopener noreferrer\" data-saferedirecturl=\"https:\/\/www.google.com\/url?q=http:\/\/queestudiar.gencat.cat\/ca\/preinscripcio\/&amp;source=gmail&amp;ust=1588519465974000&amp;usg=AFQjCNGjvLaXax9pAiQwdPIxbRX8s7W4pg\">DEPARTAMENT D&#8217;EDUCACI\u00d3<\/a>\u00a0de la Generalitat de Catalunya.<\/b><\/li>\n<\/ul>\n<table class=\" aligncenter\" style=\"height: 218px; width: 255px;\">\n<tbody>\n<tr>\n<td style=\"width: 249px; border-style: solid; border-color: #000000; text-align: center;\"><a href=\"https:\/\/agora.xtec.cat\/iescalgravat\/wp-content\/uploads\/usu63\/2020\/05\/PREINSCRIPCIO_2020_21.jpg\"><img loading=\"lazy\" decoding=\"async\" class=\"aligncenter size-full wp-image-3367\" src=\"https:\/\/agora.xtec.cat\/iescalgravat\/wp-content\/uploads\/usu63\/2020\/05\/PREINSCRIPCIO_2020_21.jpg\" alt=\"\" width=\"380\" height=\"285\" srcset=\"https:\/\/agora.xtec.cat\/iescalgravat\/wp-content\/uploads\/usu63\/2020\/05\/PREINSCRIPCIO_2020_21.jpg 380w, https:\/\/agora.xtec.cat\/iescalgravat\/wp-content\/uploads\/usu63\/2020\/05\/PREINSCRIPCIO_2020_21-300x225.jpg 300w, https:\/\/agora.xtec.cat\/iescalgravat\/wp-content\/uploads\/usu63\/2020\/05\/PREINSCRIPCIO_2020_21-200x150.jpg 200w\" sizes=\"auto, (max-width: 380px) 100vw, 380px\" \/><\/a><\/td>\n<\/tr>\n<\/tbody>\n<\/table>\n","protected":false},"excerpt":{"rendered":"<p>Les preinscripcions i matr\u00edcules del proper curs 2020-21 s&#8217;han ajornat, aix\u00ed com tampoc s&#8217;han pogut fer les Jornades de Portes Obertes tal i com les hav\u00edem previst.<\/p>\n<p>Per aquest motiu, tot i esperant que es publiquin les dates de la preinscripci\u00f3, durant aquest mes de maig&hellip;  <a href=\"https:\/\/agora.xtec.cat\/iescalgravat\/general\/videoconferencies-informatives-per-a-les-families\/\" title=\"Read VIDEOCONFER\u00c8NCIES INFORMATIVES PER A LES FAM\u00cdLIES\">Llegeix m\u00e9s\u00bb<\/a><\/p>\n","protected":false},"author":1,"featured_media":0,"comment_status":"open","ping_status":"closed","sticky":false,"template":"","format":"standard","meta":{"_bbp_topic_count":0,"_bbp_reply_count":0,"_bbp_total_topic_count":0,"_bbp_total_reply_count":0,"_bbp_voice_count":0,"_bbp_anonymous_reply_count":0,"_bbp_topic_count_hidden":0,"_bbp_reply_count_hidden":0,"_bbp_forum_subforum_count":0,"footnotes":""},"categories":[1],"tags":[],"class_list":["post-3363","post","type-post","status-publish","format-standard","hentry","category-general"],"post_mailing_queue_ids":[],"_links":{"self":[{"href":"https:\/\/agora.xtec.cat\/iescalgravat\/wp-json\/wp\/v2\/posts\/3363","targetHints":{"allow":["GET"]}}],"collection":[{"href":"https:\/\/agora.xtec.cat\/iescalgravat\/wp-json\/wp\/v2\/posts"}],"about":[{"href":"https:\/\/agora.xtec.cat\/iescalgravat\/wp-json\/wp\/v2\/types\/post"}],"author":[{"embeddable":true,"href":"https:\/\/agora.xtec.cat\/iescalgravat\/wp-json\/wp\/v2\/users\/1"}],"replies":[{"embeddable":true,"href":"https:\/\/agora.xtec.cat\/iescalgravat\/wp-json\/wp\/v2\/comments?post=3363"}],"version-history":[{"count":2,"href":"https:\/\/agora.xtec.cat\/iescalgravat\/wp-json\/wp\/v2\/posts\/3363\/revisions"}],"predecessor-version":[{"id":3372,"href":"https:\/\/agora.xtec.cat\/iescalgravat\/wp-json\/wp\/v2\/posts\/3363\/revisions\/3372"}],"wp:attachment":[{"href":"https:\/\/agora.xtec.cat\/iescalgravat\/wp-json\/wp\/v2\/media?parent=3363"}],"wp:term":[{"taxonomy":"category","embeddable":true,"href":"https:\/\/agora.xtec.cat\/iescalgravat\/wp-json\/wp\/v2\/categories?post=3363"},{"taxonomy":"post_tag","embeddable":true,"href":"https:\/\/agora.xtec.cat\/iescalgravat\/wp-json\/wp\/v2\/tags?post=3363"}],"curies":[{"name":"wp","href":"https:\/\/api.w.org\/{rel}","templated":true}]}}