{"id":3356,"date":"2020-04-24T22:28:38","date_gmt":"2020-04-24T20:28:38","guid":{"rendered":"https:\/\/agora.xtec.cat\/iescalgravat\/?p=3356"},"modified":"2020-09-01T21:59:37","modified_gmt":"2020-09-01T19:59:37","slug":"criteris-davaluacio-del-3r-trimestre-per-leso","status":"publish","type":"post","link":"https:\/\/agora.xtec.cat\/iescalgravat\/general\/criteris-davaluacio-del-3r-trimestre-per-leso\/","title":{"rendered":"CRITERIS D\u2019AVALUACI\u00d3 DEL 3R TRIMESTRE PER L&#8217;ESO"},"content":{"rendered":"<p>Despr\u00e9s de rebre les instruccions oficials del Departament d\u2019Ensenyament us informem dels aspectes seg\u00fcents a<\/p>\n<table class=\" alignright\" style=\"height: 132px;\" width=\"283\">\n<tbody>\n<tr style=\"height: 132px;\">\n<td style=\"width: 277px; height: 132px; border-style: solid; border-color: #000000;\"><a href=\"https:\/\/agora.xtec.cat\/iescalgravat\/wp-content\/uploads\/usu63\/2020\/04\/avaluacio.jpg\"><img loading=\"lazy\" decoding=\"async\" class=\"aligncenter size-full wp-image-3357\" src=\"https:\/\/agora.xtec.cat\/iescalgravat\/wp-content\/uploads\/usu63\/2020\/04\/avaluacio.jpg\" alt=\"\" width=\"853\" height=\"427\" srcset=\"https:\/\/agora.xtec.cat\/iescalgravat\/wp-content\/uploads\/usu63\/2020\/04\/avaluacio.jpg 853w, https:\/\/agora.xtec.cat\/iescalgravat\/wp-content\/uploads\/usu63\/2020\/04\/avaluacio-300x150.jpg 300w, https:\/\/agora.xtec.cat\/iescalgravat\/wp-content\/uploads\/usu63\/2020\/04\/avaluacio-768x384.jpg 768w\" sizes=\"auto, (max-width: 853px) 100vw, 853px\" \/><\/a><\/td>\n<\/tr>\n<\/tbody>\n<\/table>\n<p>tenir present sobre el funcionament de la 3a Avaluaci\u00f3 i de les notes del curs 2019\/20:<\/p>\n<p><strong>Pel que fa a la tercera avaluaci\u00f3 de l\u2019ESO:\u00a0<\/strong><\/p>\n<ul>\n<li>El curs\u00a0<strong>finalitzar\u00e0 el 19 de juny<\/strong><\/li>\n<li>Les activitats d\u2019aquesta avaluaci\u00f3:\n<ul>\n<li>S\u2019envien setmanalment\u00a0 o quinzenalment via classroom.<\/li>\n<li>El professorat far\u00e0 acompanyament online als alumnes per resoldre els dubtes i tamb\u00e9 els retornar\u00e0 les activitats corregides.<\/li>\n<\/ul>\n<\/li>\n<li>Els\/les tutors\/es de grup i els individuals faran trobades peri\u00f2diques per videoconfer\u00e8ncia amb el seu grup per donar informacions, resoldre dubtes i fer un seguiment de les tasques que s\u2019estan realitzant.<\/li>\n<li>La\u00a0<strong>nota final del curs\u00a0<\/strong>de cada mat\u00e8ria es calcular\u00e0 sobre la\u00a0<strong>base dels dos primers trimestres<\/strong>\u00a0i les activitats d\u2019aquest tercer trimestre serviran per pujar aquesta nota.<\/li>\n<li>L\u2019alumnat amb mat\u00e8ries suspeses en les dues primeres avaluacions\u00a0<strong>cal que les recuperin<\/strong>. Cada professor\/a establir\u00e0 com es far\u00e0 la recuperaci\u00f3: a trav\u00e9s d\u2019entrega de tasques i\/o una avaluaci\u00f3 en l\u00ednia.<\/li>\n<\/ul>\n<p><strong>Aspectes a tenir present a cada nivell:\u00a0<\/strong><\/p>\n<p><strong>1r ESO:<\/strong><\/p>\n<p>Les tasques es penjaran al nou classroom que els alumnes ja tenen. Aquestes s\u00f3n tasques globalitzades que s\u2019han d\u2019anar realitzant setmanalment, de dilluns a diumenge. No cal esperar l\u2019\u00faltim dia per entregar-les. S\u2019aconsella que les entreguin a mesura que les tinguin fetes. Es d\u00f3na molta import\u00e0ncia a les correccions i millores que els proposem, i al full que ells\/es entreguen d\u2019autoavaluaci\u00f3 (reflexi\u00f3 de l\u2019aprenentatge) que cal fer-lo com a \u00faltima activitat setmanal dins del classroom.<\/p>\n<p>L\u2019alumnat tamb\u00e9 tindr\u00e0 un apartat dins del classroom\u00a0<strong>\u201cper fer m\u00e9s\u201d\u00a0<\/strong>per tots\/es aquells\/es alumnes que finalitzen les tasques correctament abans de finalitzar la setmana. En alguns casos aquestes activitats poden servir com a tasques de recuperaci\u00f3. Els\/les tutors\/es individuals faran el seguiment.<\/p>\n<p>Tamb\u00e9 es tindr\u00e0 en compte la participaci\u00f3 de l\u2019alumnat a les videoconfer\u00e8ncies programades i les activitats opcionals que es vagin plantejant durant el trimestre.<\/p>\n<p><strong>2n ESO:<\/strong><\/p>\n<p>Treballem amb dos Classrooms: \u201c2n ESO des de casa\u201d i \u201cRefor\u00e7 2n ESO des de casa\u201d. Ja s\u2019ha assignat un Classroom a cada alumne. En ambd\u00f3s Classrooms les mat\u00e8ries estan agrupades per \u00e0mbits.<\/p>\n<p>Els dilluns, les professores i professors pengem les tasques amb la data de lliurament corresponent per cada tasca.<\/p>\n<p>Durant la setmana les i els alumnes poden posar-se en contacte mitjan\u00e7ant correu electr\u00f2nic amb tot el professorat per aclarir dubtes. Tamb\u00e9 disposen d\u2019un horari de videoconfer\u00e8ncies. Durant les hores de videoconfer\u00e8ncies tamb\u00e9 poden aclarir dubtes, fer sugger\u00e8ncies i\/o simplement mantenir el contacte amb company\/es i professors\/es.<\/p>\n<p>Cada Tutor\/a Individual fa el seguiment del lliurament de les tasques i informa les fam\u00edlies (mitjan\u00e7ant el programa ENSE i\/o correu electr\u00f2nic) del treball dels seus fills, filles o tutorats.<\/p>\n<p><strong>3r ESO:<\/strong><\/p>\n<p>Continuem treballant a trav\u00e9s dels diferents Classrooms de cada mat\u00e8ria i hem creat un de nou, que es diu\u00a0<strong>#Tot Anir\u00e0 B\u00e9<\/strong>\u00a0i serveix com a<strong>\u00a0\u00edndex general<\/strong>. En aquest Classroom, hi ha el recull de tasques que han de fer els\/les nostres alumnes cada setmana.<\/p>\n<p>Els dilluns, els docents pengem les tasques i els\/les alumnes les han de lliurar els divendres. Si no les lliuren, fem comentaris al programa ENSE perqu\u00e8 pares i mares estigueu informats i el tutor\/a individual pugui comentar-ho amb el seu tutorand\/a personalment, a trav\u00e9s de les entrevistes individuals en l\u00ednia.<\/p>\n<p>Seguim un nou horari de sessions i reunions en l\u00ednia que permeten fer l\u2019acompanyament acad\u00e8mic i emocional pertinent, sempre atenent a les casu\u00edstiques individuals de cada alumne\/a.<\/p>\n<p><strong>4t ESO:<\/strong><\/p>\n<p>Els alumnes de 4t d\u2019ESO tenen classroom de cada mat\u00e8ria, all\u00e0 el professorat va posant les tasques, \u00e9s important d\u2019anar-les fent per tal de consolidar les compet\u00e8ncies pr\u00f2pies del curs. El professorat, en cas que sigui necessari, tamb\u00e9 fa sessions en l\u00ednia per tal de fer l\u2019acompanyament acad\u00e8mic complementari al material del classroom, \u00e9s important participar en aquestes sessions.<\/p>\n<p>Cada departament did\u00e0ctic fixar\u00e0 els els mecanismes per tal de poder recuperar les avaluacions pendents, sempre i quant no s\u2019hagu\u00e9s recuperat ja de forma presencial.<\/p>\n<p>Per qualsevol dubte o aclariment us podeu posar en contacte amb el\/la tutor\/a individual del vostre\/a fill\/a.<\/p>\n<p>Moltes gr\u00e0cies<span style=\"color: #888888;\"><br \/>\n<\/span><\/p>\n","protected":false},"excerpt":{"rendered":"<p>Despr\u00e9s de rebre les instruccions oficials del Departament d\u2019Ensenyament us informem dels aspectes seg\u00fcents a<\/p>\n<p><a href=\"https:\/\/agora.xtec.cat\/iescalgravat\/wp-content\/uploads\/usu63\/2020\/04\/avaluacio.jpg\"><\/a><\/p>\n<p>tenir present sobre el funcionament de la 3a Avaluaci\u00f3 i de les notes del curs 2019\/20:<br \/>\nPel que fa a la tercera avaluaci\u00f3 de l\u2019ESO:\u00a0<\/p>\n<ul>\n<li>El curs\u00a0finalitzar\u00e0 el 19 de juny<\/li>\n<li>Les activitats&hellip;  <a href=\"https:\/\/agora.xtec.cat\/iescalgravat\/general\/criteris-davaluacio-del-3r-trimestre-per-leso\/\" title=\"Read CRITERIS D\u2019AVALUACI\u00d3 DEL 3R TRIMESTRE PER L&#8217;ESO\">Llegeix m\u00e9s\u00bb<\/a><br \/>\n","protected":false},"author":1,"featured_media":0,"comment_status":"open","ping_status":"closed","sticky":false,"template":"","format":"standard","meta":{"_bbp_topic_count":0,"_bbp_reply_count":0,"_bbp_total_topic_count":0,"_bbp_total_reply_count":0,"_bbp_voice_count":0,"_bbp_anonymous_reply_count":0,"_bbp_topic_count_hidden":0,"_bbp_reply_count_hidden":0,"_bbp_forum_subforum_count":0,"footnotes":""},"categories":[3,1],"tags":[],"class_list":["post-3356","post","type-post","status-publish","format-standard","hentry","category-eso","category-general"],"post_mailing_queue_ids":[],"_links":{"self":[{"href":"https:\/\/agora.xtec.cat\/iescalgravat\/wp-json\/wp\/v2\/posts\/3356","targetHints":{"allow":["GET"]}}],"collection":[{"href":"https:\/\/agora.xtec.cat\/iescalgravat\/wp-json\/wp\/v2\/posts"}],"about":[{"href":"https:\/\/agora.xtec.cat\/iescalgravat\/wp-json\/wp\/v2\/types\/post"}],"author":[{"embeddable":true,"href":"https:\/\/agora.xtec.cat\/iescalgravat\/wp-json\/wp\/v2\/users\/1"}],"replies":[{"embeddable":true,"href":"https:\/\/agora.xtec.cat\/iescalgravat\/wp-json\/wp\/v2\/comments?post=3356"}],"version-history":[{"count":1,"href":"https:\/\/agora.xtec.cat\/iescalgravat\/wp-json\/wp\/v2\/posts\/3356\/revisions"}],"predecessor-version":[{"id":3358,"href":"https:\/\/agora.xtec.cat\/iescalgravat\/wp-json\/wp\/v2\/posts\/3356\/revisions\/3358"}],"wp:attachment":[{"href":"https:\/\/agora.xtec.cat\/iescalgravat\/wp-json\/wp\/v2\/media?parent=3356"}],"wp:term":[{"taxonomy":"category","embeddable":true,"href":"https:\/\/agora.xtec.cat\/iescalgravat\/wp-json\/wp\/v2\/categories?post=3356"},{"taxonomy":"post_tag","embeddable":true,"href":"https:\/\/agora.xtec.cat\/iescalgravat\/wp-json\/wp\/v2\/tags?post=3356"}],"curies":[{"name":"wp","href":"https:\/\/api.w.org\/{rel}","templated":true}]}}